{"id":2604,"date":"2022-05-06T20:07:32","date_gmt":"2022-05-06T23:07:32","guid":{"rendered":"https:\/\/focotocantinense.com.br\/?p=2604"},"modified":"2022-05-06T20:07:33","modified_gmt":"2022-05-06T23:07:33","slug":"governo-do-tocantins-lanca-penultima-campanha-de-imunizacao-da-aftosa-e-destaca-que-estado-esta-livre-da-doenca","status":"publish","type":"post","link":"https:\/\/focotocantinense.com.br\/?p=2604","title":{"rendered":"Governo do Tocantins lan\u00e7a pen\u00faltima campanha de imuniza\u00e7\u00e3o da aftosa e destaca que Estado est\u00e1 livre da doen\u00e7a"},"content":{"rendered":"\n<p>O&nbsp;<em>status<\/em>&nbsp;de estado livre da febre aftosa e o fim da vacina\u00e7\u00e3o contra a doen\u00e7a deram o tom do discurso do governador Wanderlei Barbosa do Tocantins, aos produtores rurais, durante o lan\u00e7amento da primeira etapa da campanha de vacina\u00e7\u00e3o contra a febre aftosa no Estado. O evento foi realizado nesta sexta-feira, 6, na Fazenda Calif\u00f3rnia, munic\u00edpio de Baba\u00e7ul\u00e2ndia, no norte do Tocantins. A campanha teve in\u00edcio no dia 1\u00b0 de maio e se estende at\u00e9 o dia 31 deste m\u00eas.<\/p>\n\n\n\n<p>Atualmente, o Estado conta com um rebanho estimado em mais de 10 milh\u00f5es de bovinos, distribu\u00eddos em 56,4 mil propriedades rurais. Nesta 1\u00aa etapa da vacina\u00e7\u00e3o, ser\u00e3o imunizados cerca de 5 milh\u00f5es de bovinos e bubalinos de at\u00e9 24 meses.<\/p>\n\n\n\n<p>A vacina\u00e7\u00e3o contra a febre aftosa no Tocantins ser\u00e1 suspensa a partir do m\u00eas de novembro deste ano, conforme comunicado do Minist\u00e9rio da Agricultura, Pecu\u00e1ria e Abastecimento (Mapa), no final de abril. O Estado conseguiu conquistar a condi\u00e7\u00e3o de estar livre da doen\u00e7a ap\u00f3s intenso trabalho realizado pela Ag\u00eancia de Defesa Agropecu\u00e1ria (Adapec) ao longo de 30 anos, com o apoio dos produtores rurais.<\/p>\n\n\n\n<p>Ao anunciar a conquista, o governador Wanderlei Barbosa destacou que esse&nbsp;<em>status<\/em>&nbsp;amplia as possibilidades do Tocantins prospectar novos mercados e fortalecer a economia. Dados do Minist\u00e9rio da Agricultura apresentados pelo Governador demonstram que, em 2021, houve crescimento de 45% nas exporta\u00e7\u00f5es de carne do Estado, em rela\u00e7\u00e3o ao ano de 2020.<\/p>\n\n\n\n<p>&#8220;Foram 85 mil toneladas em 2020 e 116 mil em 2021. Com essa conquista, certamente, outros mercados mais exigentes v\u00e3o querer comprar a nossa carne, a exemplo da Europa&#8221;, explicou o Governador. Atualmente, o Tocantins exporta prote\u00edna animal para 35 pa\u00edses. Os principais mercados s\u00e3o os Estados Unidos, R\u00fassia, Hong Kong e Filipinas.<\/p>\n\n\n\n<p>O titular da Secretaria de Estado do Desenvolvimento da Agricultura, Pecu\u00e1ria e Aquicultura (Seagro), Jaime Caf\u00e9, afirmou que o evento de lan\u00e7amento da Campanha de vacina\u00e7\u00e3o constitui um momento de conscientiza\u00e7\u00e3o, mas este ano o cen\u00e1rio foi de comemora\u00e7\u00e3o. &#8220;Muitos estados est\u00e3o tentando essa conquista, como S\u00e3o Paulo e Bahia. Isso valoriza ainda mais o trabalho da Adapec ao longo dos anos&#8221;, comemorou.<\/p>\n\n\n\n<p>O presidente da Adapec, Paulo Lima, tamb\u00e9m destacou o trabalho conjunto para a conquista da condi\u00e7\u00e3o de estado livre da aftosa. &#8220;\u00c9 um reconhecimento do trabalho da Adapec, com todo o apoio do Governo do Tocantins e o comprometimento do produtor rural e de toda a cadeia produtiva de carne&#8221;, frisou.<\/p>\n\n\n\n<p><strong>Vacina\u00e7\u00e3o<\/strong><\/p>\n\n\n\n<p>Nesta etapa de vacina\u00e7\u00e3o, ser\u00e3o imunizados os bovinos e os bubalinos com at\u00e9 24 meses de idade. A Adapec orienta que os propriet\u00e1rios rurais fa\u00e7am aquisi\u00e7\u00e3o da vacina em estabelecimentos credenciados e que tenham cuidado no transporte e no manuseio do imunizante para manter a efic\u00e1cia, incluindo a preserva\u00e7\u00e3o da temperatura entre 2 e 8 graus cent\u00edgrados e a utiliza\u00e7\u00e3o de agulhas novas e desinfetadas para evitar abscessos nos animais. A dose recomendada para vacina \u00e9 de 2 ml por animal, a ser aplicada na t\u00e1bua do pesco\u00e7o, de prefer\u00eancia no per\u00edodo mais ameno do dia.<\/p>\n\n\n\n<p>A Ag\u00eancia refor\u00e7a que a vacina\u00e7\u00e3o e o ato de declara\u00e7\u00e3o s\u00e3o obrigat\u00f3rios por parte do produtor. O preenchimento da carta-aviso, nos escrit\u00f3rios da Ag\u00eancia, deve ser feito at\u00e9 10 de junho, acompanhado da nota fiscal da compra da vacina. Mesmo sem animal nesta faixa et\u00e1ria, o produtor deve preencher a carta-aviso para atualiza\u00e7\u00e3o cadastral. Outra orienta\u00e7\u00e3o da Adapec \u00e9 para que os produtores aproveitem o manejo do rebanho para realizar a vacina\u00e7\u00e3o contra a raiva e a brucelose.<\/p>\n\n\n\n<p><strong>Presen\u00e7as<\/strong><\/p>\n\n\n\n<p>O evento foi prestigiado por produtores rurais de toda regi\u00e3o, presidentes de entidades representativas do setor, deputados estaduais, prefeitos, vereadores e outras autoridades.<\/p>\n\n\n\n<figure class=\"wp-block-image\"><img decoding=\"async\" src=\"https:\/\/www.n1to.com.br\/img\/cache\/800x400\/80\/crop\/Imagem-b1c0175a6aa5b8626d5486ca6a71857c.jpg\" alt=\"\"\/><\/figure>\n\n\n\n<p><strong><em>Ao anunciar a conquista, o governador Wanderlei Barbosa destacou que esse status amplia as possibilidades do Tocantins prospectar novos mercados e fortalecer a economia<\/em><\/strong><\/p>\n","protected":false},"excerpt":{"rendered":"<p>O&nbsp;status&nbsp;de estado livre da febre aftosa e o fim da vacina\u00e7\u00e3o contra a doen\u00e7a deram o tom do discurso do governador Wanderlei Barbosa do Tocantins, aos produtores rurais, durante o lan\u00e7amento da primeira etapa da campanha de vacina\u00e7\u00e3o contra a febre aftosa no Estado. O evento foi realizado nesta sexta-feira, 6, na Fazenda Calif\u00f3rnia, munic\u00edpio &hellip;<\/p>\n","protected":false},"author":5,"featured_media":2605,"comment_status":"open","ping_status":"open","sticky":false,"template":"","format":"standard","meta":{"footnotes":""},"categories":[39],"tags":[],"class_list":["post-2604","post","type-post","status-publish","format-standard","has-post-thumbnail","","category-estado"],"_links":{"self":[{"href":"https:\/\/focotocantinense.com.br\/index.php?rest_route=\/wp\/v2\/posts\/2604","targetHints":{"allow":["GET"]}}],"collection":[{"href":"https:\/\/focotocantinense.com.br\/index.php?rest_route=\/wp\/v2\/posts"}],"about":[{"href":"https:\/\/focotocantinense.com.br\/index.php?rest_route=\/wp\/v2\/types\/post"}],"author":[{"embeddable":true,"href":"https:\/\/focotocantinense.com.br\/index.php?rest_route=\/wp\/v2\/users\/5"}],"replies":[{"embeddable":true,"href":"https:\/\/focotocantinense.com.br\/index.php?rest_route=%2Fwp%2Fv2%2Fcomments&post=2604"}],"version-history":[{"count":1,"href":"https:\/\/focotocantinense.com.br\/index.php?rest_route=\/wp\/v2\/posts\/2604\/revisions"}],"predecessor-version":[{"id":2606,"href":"https:\/\/focotocantinense.com.br\/index.php?rest_route=\/wp\/v2\/posts\/2604\/revisions\/2606"}],"wp:featuredmedia":[{"embeddable":true,"href":"https:\/\/focotocantinense.com.br\/index.php?rest_route=\/wp\/v2\/media\/2605"}],"wp:attachment":[{"href":"https:\/\/focotocantinense.com.br\/index.php?rest_route=%2Fwp%2Fv2%2Fmedia&parent=2604"}],"wp:term":[{"taxonomy":"category","embeddable":true,"href":"https:\/\/focotocantinense.com.br\/index.php?rest_route=%2Fwp%2Fv2%2Fcategories&post=2604"},{"taxonomy":"post_tag","embeddable":true,"href":"https:\/\/focotocantinense.com.br\/index.php?rest_route=%2Fwp%2Fv2%2Ftags&post=2604"}],"curies":[{"name":"wp","href":"https:\/\/api.w.org\/{rel}","templated":true}]}}