{"id":2582,"date":"2022-05-02T17:01:16","date_gmt":"2022-05-02T20:01:16","guid":{"rendered":"https:\/\/focotocantinense.com.br\/?p=2582"},"modified":"2022-05-04T22:42:01","modified_gmt":"2022-05-05T01:42:01","slug":"em-gurupi-governo-do-tocantins-retoma-obras-de-pavimentacao-do-trevo-da-praia-e-anuncia-reformas-em-unidades-escolares","status":"publish","type":"post","link":"https:\/\/focotocantinense.com.br\/?p=2582","title":{"rendered":"Em Gurupi,  Governo do Tocantins retoma obras de pavimenta\u00e7\u00e3o do Trevo da Praia e anuncia reformas em unidades escolares"},"content":{"rendered":"\n<p><\/p>\n\n\n\n<p><em>Agenda inclui reuni\u00e3o com produtores e entrega de armas para PM<\/em><\/p>\n\n\n\n<p><em>Vania Machado\/Governo do Tocantins<\/em><\/p>\n\n\n\n<p>Dando continuidade \u00e0s a\u00e7\u00f5es de melhoria das condi\u00e7\u00f5es de tr\u00e1fego e de escoamento da produ\u00e7\u00e3o, e ainda, de amplia\u00e7\u00e3o e adequa\u00e7\u00e3o das unidades escolares para melhor atender a comunidade escolar, o governador do Tocantins, Wanderlei Barbosa, estar\u00e1 nesta ter\u00e7a-feira, 3, em Gurupi, regi\u00e3o Sul do Estado, para dar uma s\u00e9rie de ordens de servi\u00e7os de obras bastante aguardadas pela popula\u00e7\u00e3o local.<\/p>\n\n\n\n<p>A agenda inicia, \u00e0s 10h30, no Povoado Trevo da Praia, com a assinatura da ordem de servi\u00e7o para a retomada das obras de pavimenta\u00e7\u00e3o da rodovia TO-365, compreendendo o trecho do entroncamento da BR-153 ao povoado. As obras, que est\u00e3o paralisadas devido \u00e0s fortes chuvas na regi\u00e3o, contam com investimentos na ordem de R$ 70 milh\u00f5es. O trecho tem 50 km de extens\u00e3o, onde ser\u00e3o executados os servi\u00e7os de terraplanagem, drenagem, pavimenta\u00e7\u00e3o asf\u00e1ltica, obras de arte e programas ambientais.<\/p>\n\n\n\n<p>\u201c\u00c9 uma regi\u00e3o que tem muitos produtores de gr\u00e3os que precisam de melhores condi\u00e7\u00f5es para escoar as suas produ\u00e7\u00f5es e de tr\u00e1fego tamb\u00e9m para acessar os servi\u00e7os de sa\u00fade e educa\u00e7\u00e3o, por exemplo. A comunidade aguarda esta obra h\u00e1 muito tempo e dentro em breve ter\u00e1 esse trecho pavimentado melhorando a qualidade de vida local\u201d, destaca o governador Wanderlei Barbosa.<\/p>\n\n\n\n<p><em>Educa\u00e7\u00e3o<\/em><br>\u00c0s 14h30, acontece a inaugura\u00e7\u00e3o do Espa\u00e7o Maker do Centro de Ensino M\u00e9dio Ary Ribeiro Valad\u00e3o Filho, no setor Valdir Lins, cujo investimento \u00e9 de mais de R$ 332,2 mil. O Espa\u00e7o Maker \u00e9 um espa\u00e7o tecnol\u00f3gico para experimenta\u00e7\u00f5es e forma\u00e7\u00f5es educacionais, que atender\u00e1 26 escolas da regi\u00e3o, sendo 18 estaduais e oito municipais.<\/p>\n\n\n\n<p>J\u00e1 \u00e0s 15 horas, no Col\u00e9gio Militar Presidente Costa e Silva, o governador Wanderlei Barbosa, assina as ordens de servi\u00e7os para reformas desta unidade e do Centro de Ensino M\u00e9dio Bom Jesus.<\/p>\n\n\n\n<p>O investimento na reforma do Col\u00e9gio Militar Presidente Costa e Silva \u00e9 de mais de R$ 3 milh\u00f5es. No local ser\u00e3o feitas a reforma e adequa\u00e7\u00e3o dos banheiros, do refeit\u00f3rio, das salas de aula, al\u00e9m da troca do piso, reforma da cobertura, da parte el\u00e9trica, melhoria na acessibilidade, implanta\u00e7\u00e3o do Projeto de Preven\u00e7\u00e3o e Combate a Inc\u00eandio e P\u00e2nico (PPCIP) e do posto de transforma\u00e7\u00e3o 150 kva, pintura geral e paisagismo.<\/p>\n\n\n\n<p>E na reforma do Centro de Ensino M\u00e9dio Bom Jesus est\u00e3o sendo investidos mais de R$ 2,1 milh\u00f5es. No local ser\u00e1 constru\u00eddos refeit\u00f3rio, central de GLP (armazenamento de g\u00e1s), dep\u00f3sito de lixo org\u00e2nico e recicl\u00e1vel, passarela coberta, rampa, e reformados a cozinha e ambientes administrativos para implanta\u00e7\u00e3o de laborat\u00f3rio de qu\u00edmica, arquitetura paisag\u00edstica e reforma da quadra poliesportiva.<\/p>\n\n\n\n<p>\u201cTemos investido em reformas das nossas unidades escolares para dar melhores condi\u00e7\u00f5es de trabalho para os nossos professores e proporcionar ambientes mais adequados para eles ensinarem e os nossos alunos aprenderem. S\u00e3o investimentos necess\u00e1rios que resultam na melhor qualidade do ensino, disso n\u00e3o tenho d\u00favida, e esse \u00e9 o objetivo maior\u201d, complementa.<\/p>\n\n\n\n<p><em>Pecu\u00e1ria e Seguran\u00e7a<\/em><br>Ap\u00f3s as assinaturas das ordens de servi\u00e7os, o Governador re\u00fane com produtores rurais e o secret\u00e1rio da Agricultura, Pecu\u00e1ria e Aquicultura, Jaime Caf\u00e9, para apresenta\u00e7\u00e3o do Programa de Melhoramento Gen\u00e9tico do Estado. A reuni\u00e3o acontece \u00e0s 16h30, no audit\u00f3rio do Servi\u00e7o Social do Com\u00e9rcio (SESC).<\/p>\n\n\n\n<p>A agenda se encerra, \u00e0s 17h30, no 4\u00ba Batalh\u00e3o da Pol\u00edcia Militar, com a cerim\u00f4nia de entrega de armas e muni\u00e7\u00f5es para a corpora\u00e7\u00e3o.<\/p>\n\n\n\n<p><\/p>\n\n\n\n<figure class=\"wp-block-image size-full\"><img loading=\"lazy\" decoding=\"async\" width=\"870\" height=\"492\" src=\"http:\/\/focotocantinense.com.br\/wp-content\/uploads\/2022\/04\/22222.jpg\" alt=\"\" class=\"wp-image-2521\" srcset=\"https:\/\/focotocantinense.com.br\/wp-content\/uploads\/2022\/04\/22222.jpg 870w, https:\/\/focotocantinense.com.br\/wp-content\/uploads\/2022\/04\/22222-300x170.jpg 300w, https:\/\/focotocantinense.com.br\/wp-content\/uploads\/2022\/04\/22222-768x434.jpg 768w\" sizes=\"auto, (max-width: 870px) 100vw, 870px\" \/><\/figure>\n\n\n\n<figure class=\"wp-block-image size-full\"><img loading=\"lazy\" decoding=\"async\" width=\"883\" height=\"505\" src=\"https:\/\/focotocantinense.com.br\/wp-content\/uploads\/2022\/05\/mmmm.jpg\" alt=\"\" class=\"wp-image-2602\" srcset=\"https:\/\/focotocantinense.com.br\/wp-content\/uploads\/2022\/05\/mmmm.jpg 883w, https:\/\/focotocantinense.com.br\/wp-content\/uploads\/2022\/05\/mmmm-300x172.jpg 300w, https:\/\/focotocantinense.com.br\/wp-content\/uploads\/2022\/05\/mmmm-768x439.jpg 768w\" sizes=\"auto, (max-width: 883px) 100vw, 883px\" \/><\/figure>\n","protected":false},"excerpt":{"rendered":"<p>Agenda inclui reuni\u00e3o com produtores e entrega de armas para PM Vania Machado\/Governo do Tocantins Dando continuidade \u00e0s a\u00e7\u00f5es de melhoria das condi\u00e7\u00f5es de tr\u00e1fego e de escoamento da produ\u00e7\u00e3o, e ainda, de amplia\u00e7\u00e3o e adequa\u00e7\u00e3o das unidades escolares para melhor atender a comunidade escolar, o governador do Tocantins, Wanderlei Barbosa, estar\u00e1 nesta ter\u00e7a-feira, 3, &hellip;<\/p>\n","protected":false},"author":5,"featured_media":2602,"comment_status":"open","ping_status":"open","sticky":false,"template":"","format":"standard","meta":{"footnotes":""},"categories":[38],"tags":[],"class_list":["post-2582","post","type-post","status-publish","format-standard","has-post-thumbnail","","category-gurupi"],"_links":{"self":[{"href":"https:\/\/focotocantinense.com.br\/index.php?rest_route=\/wp\/v2\/posts\/2582","targetHints":{"allow":["GET"]}}],"collection":[{"href":"https:\/\/focotocantinense.com.br\/index.php?rest_route=\/wp\/v2\/posts"}],"about":[{"href":"https:\/\/focotocantinense.com.br\/index.php?rest_route=\/wp\/v2\/types\/post"}],"author":[{"embeddable":true,"href":"https:\/\/focotocantinense.com.br\/index.php?rest_route=\/wp\/v2\/users\/5"}],"replies":[{"embeddable":true,"href":"https:\/\/focotocantinense.com.br\/index.php?rest_route=%2Fwp%2Fv2%2Fcomments&post=2582"}],"version-history":[{"count":3,"href":"https:\/\/focotocantinense.com.br\/index.php?rest_route=\/wp\/v2\/posts\/2582\/revisions"}],"predecessor-version":[{"id":2603,"href":"https:\/\/focotocantinense.com.br\/index.php?rest_route=\/wp\/v2\/posts\/2582\/revisions\/2603"}],"wp:featuredmedia":[{"embeddable":true,"href":"https:\/\/focotocantinense.com.br\/index.php?rest_route=\/wp\/v2\/media\/2602"}],"wp:attachment":[{"href":"https:\/\/focotocantinense.com.br\/index.php?rest_route=%2Fwp%2Fv2%2Fmedia&parent=2582"}],"wp:term":[{"taxonomy":"category","embeddable":true,"href":"https:\/\/focotocantinense.com.br\/index.php?rest_route=%2Fwp%2Fv2%2Fcategories&post=2582"},{"taxonomy":"post_tag","embeddable":true,"href":"https:\/\/focotocantinense.com.br\/index.php?rest_route=%2Fwp%2Fv2%2Ftags&post=2582"}],"curies":[{"name":"wp","href":"https:\/\/api.w.org\/{rel}","templated":true}]}}