{"id":2567,"date":"2022-05-01T12:25:48","date_gmt":"2022-05-01T15:25:48","guid":{"rendered":"https:\/\/focotocantinense.com.br\/?p=2567"},"modified":"2022-05-01T12:25:49","modified_gmt":"2022-05-01T15:25:49","slug":"servidores-da-educacao-de-tocantinia-participam-de-formacao-sobre-primeiros-socorros","status":"publish","type":"post","link":"https:\/\/focotocantinense.com.br\/?p=2567","title":{"rendered":"Servidores da educa\u00e7\u00e3o de Tocant\u00ednia participam de forma\u00e7\u00e3o sobre primeiros socorros"},"content":{"rendered":"\n<p><strong>Por Leontina Martins<\/strong><\/p>\n\n\n\n<p>Primeiros socorros s\u00e3o interven\u00e7\u00f5es que devem ser feitas de maneira r\u00e1pida, logo ap\u00f3s o acidente ou mal s\u00fabito, que visam a evitar o agravamento do problema at\u00e9 que um servi\u00e7o especializado de atendimento chegue at\u00e9 o local. Essas interven\u00e7\u00f5es s\u00e3o muito importantes, pois podem evitar complica\u00e7\u00f5es e at\u00e9 mesmo evitar a morte de um indiv\u00edduo.<\/p>\n\n\n\n<p>Por isso, a Prefeitura de Tocant\u00ednia por em meio da Secretaria Municipal de Educa\u00e7\u00e3o (Semed), em parceira com o Lions Clube,&nbsp; e &nbsp;a Universidade Federal do Tocantins (UFT),&nbsp; que desenvolve o Projeto de Extens\u00e3o IRIS, bem como,&nbsp; &nbsp;a Liga da Enfermagem promoveram na manh\u00e3 do dia 30 de abril uma riqu\u00edssima forma\u00e7\u00e3o em Primeiros Socorros para os profissionais da Educa\u00e7\u00e3o.<\/p>\n\n\n\n<p>As atividades dessa forma\u00e7\u00e3o aconteceram nas depend\u00eancias da Escola Municipal de Educa\u00e7\u00e3o Infantil&nbsp;Tereza Hil\u00e1rio Ribeiro e contemplaram motoristas do transporte escolar, monitores escolares e do transporte escolar, coordenadores pedag\u00f3gicos, gestores escolares e professores.<\/p>\n\n\n\n<p>O secret\u00e1rio de Educa\u00e7\u00e3o de Tocant\u00ednia, professor Andr\u00e9 Goveia explicou que essa forma\u00e7\u00e3o tem por objetivo atender o que rege a Lei Lucas, &nbsp;que estabelece a obrigatoriedade da capacita\u00e7\u00e3o em no\u00e7\u00f5es b\u00e1sicas de primeiros socorros de professores e funcion\u00e1rios de estabelecimentos de ensino p\u00fablicos e privados de educa\u00e7\u00e3o b\u00e1sica e de estabelecimentos de recrea\u00e7\u00e3o infantil.<\/p>\n\n\n\n<p>A forma\u00e7\u00e3o foi ministrada com ensinamentos te\u00f3ricos e pr\u00e1ticos de forma que permitiu&nbsp; o aprendizado dessas t\u00e9cnicas com maior aproveitamento. Os temas abordados neste primeiro encontro foram: Suporte b\u00e1sico de vida, convuls\u00e3o, desmaio\/vertigem e engasgo.<\/p>\n\n\n\n<p><strong>Projeto Iris<\/strong><\/p>\n\n\n\n<p>O Internato Integrado em Sa\u00fade (Iris) \u00e9 um projeto de extens\u00e3o da UFT que tem o objetivo de envolver os acad\u00eamicos na realidade social dos munic\u00edpios, promovendo a\u00e7\u00f5es de sa\u00fade, assist\u00eancia social e educa\u00e7\u00e3o para a comunidade e para uma forma\u00e7\u00e3o multidimensional dos estudantes. Nesse projeto, sete cursos de gradua\u00e7\u00e3o est\u00e3o envolvidos: Medicina, Enfermagem, Nutri\u00e7\u00e3o, Servi\u00e7o Social, Psicologia, Educa\u00e7\u00e3o F\u00edsica e Teatro.<\/p>\n\n\n\n<figure class=\"wp-block-image\"><img decoding=\"async\" src=\"http:\/\/n1to.com.br\/img\/uploads\/AAAAA_1.jpg\" alt=\"\"\/><\/figure>\n\n\n\n<figure class=\"wp-block-image is-resized\"><img loading=\"lazy\" decoding=\"async\" src=\"http:\/\/n1to.com.br\/img\/uploads\/CCCC_2.jpg\" alt=\"\" width=\"813\" height=\"463\"\/><\/figure>\n","protected":false},"excerpt":{"rendered":"<p>Por Leontina Martins Primeiros socorros s\u00e3o interven\u00e7\u00f5es que devem ser feitas de maneira r\u00e1pida, logo ap\u00f3s o acidente ou mal s\u00fabito, que visam a evitar o agravamento do problema at\u00e9 que um servi\u00e7o especializado de atendimento chegue at\u00e9 o local. Essas interven\u00e7\u00f5es s\u00e3o muito importantes, pois podem evitar complica\u00e7\u00f5es e at\u00e9 mesmo evitar a morte &hellip;<\/p>\n","protected":false},"author":5,"featured_media":2568,"comment_status":"open","ping_status":"open","sticky":false,"template":"","format":"standard","meta":{"footnotes":""},"categories":[78],"tags":[],"class_list":["post-2567","post","type-post","status-publish","format-standard","has-post-thumbnail","","category-tocantinia"],"_links":{"self":[{"href":"https:\/\/focotocantinense.com.br\/index.php?rest_route=\/wp\/v2\/posts\/2567","targetHints":{"allow":["GET"]}}],"collection":[{"href":"https:\/\/focotocantinense.com.br\/index.php?rest_route=\/wp\/v2\/posts"}],"about":[{"href":"https:\/\/focotocantinense.com.br\/index.php?rest_route=\/wp\/v2\/types\/post"}],"author":[{"embeddable":true,"href":"https:\/\/focotocantinense.com.br\/index.php?rest_route=\/wp\/v2\/users\/5"}],"replies":[{"embeddable":true,"href":"https:\/\/focotocantinense.com.br\/index.php?rest_route=%2Fwp%2Fv2%2Fcomments&post=2567"}],"version-history":[{"count":1,"href":"https:\/\/focotocantinense.com.br\/index.php?rest_route=\/wp\/v2\/posts\/2567\/revisions"}],"predecessor-version":[{"id":2569,"href":"https:\/\/focotocantinense.com.br\/index.php?rest_route=\/wp\/v2\/posts\/2567\/revisions\/2569"}],"wp:featuredmedia":[{"embeddable":true,"href":"https:\/\/focotocantinense.com.br\/index.php?rest_route=\/wp\/v2\/media\/2568"}],"wp:attachment":[{"href":"https:\/\/focotocantinense.com.br\/index.php?rest_route=%2Fwp%2Fv2%2Fmedia&parent=2567"}],"wp:term":[{"taxonomy":"category","embeddable":true,"href":"https:\/\/focotocantinense.com.br\/index.php?rest_route=%2Fwp%2Fv2%2Fcategories&post=2567"},{"taxonomy":"post_tag","embeddable":true,"href":"https:\/\/focotocantinense.com.br\/index.php?rest_route=%2Fwp%2Fv2%2Ftags&post=2567"}],"curies":[{"name":"wp","href":"https:\/\/api.w.org\/{rel}","templated":true}]}}