{"id":2560,"date":"2022-04-28T17:09:56","date_gmt":"2022-04-28T20:09:56","guid":{"rendered":"https:\/\/focotocantinense.com.br\/?p=2560"},"modified":"2022-04-28T17:10:49","modified_gmt":"2022-04-28T20:10:49","slug":"tocantinia-empossa-presidente-e-o-vice-do-conselho-municipal-de-educacao","status":"publish","type":"post","link":"https:\/\/focotocantinense.com.br\/?p=2560","title":{"rendered":"Tocant\u00ednia empossa presidente e o vice do Conselho Municipal de Educa\u00e7\u00e3o"},"content":{"rendered":"\n<p><strong>Por Leontina Martins<\/strong><\/p>\n\n\n\n<p>Aconteceu na tarde de quarta-feira, 27 de abril, na sede da Secretaria Municipal de Educa\u00e7\u00e3o de Tocant\u00ednia (Semed), a solenidade de posse do presidente e do vice-presidente do Conselho Municipal de Educa\u00e7\u00e3o.<\/p>\n\n\n\n<p>Estiveram presentes populares, servidores da rede municipal de educa\u00e7\u00e3o, pastor Levi, da Igreja Assembleia de Deus Madureira e o vice-prefeito Jo\u00e3o Alberto . O secret\u00e1rio municipal de educa\u00e7\u00e3o Andr\u00e9 Goveia deu posse ao vice-presidente Ant\u00f4nio Sidney Rosendo, professor de carreira da rede estadual e diretor do Col\u00e9gio Estadual Batista em Tocantinia que representa no conselho, diretores escolares e a rede estadual.<\/p>\n\n\n\n<p>Em seguida, foi empossado o presidente do conselho, Vagner Pereira da Silva, professor de carreira da rede municipal, pedagogo e coordenador pedag\u00f3gico da Educa\u00e7\u00e3o do Campo na Secretaria Municipal de Educa\u00e7\u00e3o. O mandato dos empossados \u00e9 de um ano a contar da data de posse.<\/p>\n\n\n\n<p>O secret\u00e1rio de Educa\u00e7\u00e3o do munic\u00edpio, professor Andr\u00e9 Goveia, destacou que com a posse do vice-presidente e do presidente do Conselho, fica consolidado ainda mais, o fortalecimento do Sistema Municipal de Educa\u00e7\u00e3o e, quem ganha com essa iniciativa \u00e9 o processo de ensino e aprendizagem com mais autonomia e uma educa\u00e7\u00e3o centrada na realidade local.<\/p>\n\n\n\n<p>J\u00e1 o presidente empossado, Vagner Pereira argumentou que o Conselho Municipal de Educa\u00e7\u00e3o de Tocant\u00ednia veio configurar uma educa\u00e7\u00e3o com mais qualidade e respeito \u00e0 cultura e necessidades pedag\u00f3gicas, favorecendo o acesso e a perman\u00eancia do aluno na escola.<\/p>\n\n\n\n<p>Na oportunidade, o vice-prefeito, Jo\u00e3o Alberto Coelho Machado parabenizou os empossados e frisou que tanto a Secretaria quanto o Conselho Municipal de Educa\u00e7\u00e3o est\u00e3o de parab\u00e9ns por eleger representantes de compet\u00eancia e compromisso com a educa\u00e7\u00e3o e que, certamente, viabilizar\u00e1 a continuidade de novos avan\u00e7os, com resultados cada vez melhores.<\/p>\n\n\n\n<figure class=\"wp-block-image is-resized\"><img loading=\"lazy\" decoding=\"async\" src=\"https:\/\/www.n1to.com.br\/img\/cache\/800x400\/80\/crop\/Imagem-8c0062f10b4d1a0d18647608b71ad197.jpg\" alt=\"\" width=\"611\" height=\"306\"\/><\/figure>\n\n\n\n<figure class=\"wp-block-image\"><img decoding=\"async\" src=\"http:\/\/n1to.com.br\/img\/uploads\/bbb_13.jpg\" alt=\"\"\/><\/figure>\n","protected":false},"excerpt":{"rendered":"<p>Por Leontina Martins Aconteceu na tarde de quarta-feira, 27 de abril, na sede da Secretaria Municipal de Educa\u00e7\u00e3o de Tocant\u00ednia (Semed), a solenidade de posse do presidente e do vice-presidente do Conselho Municipal de Educa\u00e7\u00e3o. Estiveram presentes populares, servidores da rede municipal de educa\u00e7\u00e3o, pastor Levi, da Igreja Assembleia de Deus Madureira e o vice-prefeito &hellip;<\/p>\n","protected":false},"author":5,"featured_media":2561,"comment_status":"open","ping_status":"open","sticky":false,"template":"","format":"standard","meta":{"footnotes":""},"categories":[78],"tags":[],"class_list":["post-2560","post","type-post","status-publish","format-standard","has-post-thumbnail","","category-tocantinia"],"_links":{"self":[{"href":"https:\/\/focotocantinense.com.br\/index.php?rest_route=\/wp\/v2\/posts\/2560","targetHints":{"allow":["GET"]}}],"collection":[{"href":"https:\/\/focotocantinense.com.br\/index.php?rest_route=\/wp\/v2\/posts"}],"about":[{"href":"https:\/\/focotocantinense.com.br\/index.php?rest_route=\/wp\/v2\/types\/post"}],"author":[{"embeddable":true,"href":"https:\/\/focotocantinense.com.br\/index.php?rest_route=\/wp\/v2\/users\/5"}],"replies":[{"embeddable":true,"href":"https:\/\/focotocantinense.com.br\/index.php?rest_route=%2Fwp%2Fv2%2Fcomments&post=2560"}],"version-history":[{"count":2,"href":"https:\/\/focotocantinense.com.br\/index.php?rest_route=\/wp\/v2\/posts\/2560\/revisions"}],"predecessor-version":[{"id":2563,"href":"https:\/\/focotocantinense.com.br\/index.php?rest_route=\/wp\/v2\/posts\/2560\/revisions\/2563"}],"wp:featuredmedia":[{"embeddable":true,"href":"https:\/\/focotocantinense.com.br\/index.php?rest_route=\/wp\/v2\/media\/2561"}],"wp:attachment":[{"href":"https:\/\/focotocantinense.com.br\/index.php?rest_route=%2Fwp%2Fv2%2Fmedia&parent=2560"}],"wp:term":[{"taxonomy":"category","embeddable":true,"href":"https:\/\/focotocantinense.com.br\/index.php?rest_route=%2Fwp%2Fv2%2Fcategories&post=2560"},{"taxonomy":"post_tag","embeddable":true,"href":"https:\/\/focotocantinense.com.br\/index.php?rest_route=%2Fwp%2Fv2%2Ftags&post=2560"}],"curies":[{"name":"wp","href":"https:\/\/api.w.org\/{rel}","templated":true}]}}