{"id":2550,"date":"2022-04-27T18:06:21","date_gmt":"2022-04-27T21:06:21","guid":{"rendered":"https:\/\/focotocantinense.com.br\/?p=2550"},"modified":"2022-04-27T18:08:57","modified_gmt":"2022-04-27T21:08:57","slug":"populacao-vai-poder-contribuir-com-a-construcao-do-plano-de-mobilidade-urbana-de-palmas","status":"publish","type":"post","link":"https:\/\/focotocantinense.com.br\/?p=2550","title":{"rendered":"Popula\u00e7\u00e3o vai poder contribuir com a constru\u00e7\u00e3o do Plano de Mobilidade Urbana de Palmas"},"content":{"rendered":"\n<p>As a\u00e7\u00f5es previstas para elabora\u00e7\u00e3o do Plano de Mobilidade Urbana de Palmas (Planmob) ser\u00e3o apresentadas na primeira audi\u00eancia p\u00fablica que acontecer\u00e1 no dia 04 de maio, a partir das 14h30, no audit\u00f3rio da Associa\u00e7\u00e3o Tocantinense dos Munic\u00edpios (ATM), na Avenida Teot\u00f4nio Segurado. A constru\u00e7\u00e3o do plano municipal atende \u00e0s diretrizes da Lei Federal n\u00ba 12.587\/12, que exige que os munic\u00edpios brasileiros com mais de 20 mil habitantes desenvolvam e executem as a\u00e7\u00f5es definidas no plano.<\/p>\n\n\n\n<p>A elabora\u00e7\u00e3o do Planmob visa propiciar melhorias nos eixos que integram a mobilidade urbana na Capital e, desse modo, garantir mais seguran\u00e7a na locomo\u00e7\u00e3o da popula\u00e7\u00e3o, seja por meio dos transportes n\u00e3o motorizados, como os pedestres e ciclistas, ou dos motorizados, a exemplos do transporte p\u00fablico coletivo e condutores de ve\u00edculos de modo geral.<\/p>\n\n\n\n<p>A convoca\u00e7\u00e3o dos representantes da sociedade civil organizada; de organiza\u00e7\u00f5es sociais e comunit\u00e1rias; entidades empresariais, representantes de associa\u00e7\u00f5es de bairros, distritos urbanos, da ind\u00fastria, com\u00e9rcio e servi\u00e7os, do meio urbano e rural; escolas e institui\u00e7\u00f5es de ensino, p\u00fablicas ou privadas, de todos os n\u00edveis; sindicatos representativos de trabalhadores e servidores, e popula\u00e7\u00e3o em geral foi publicada no Di\u00e1rio oficial do Munic\u00edpio (DOM), na portaria n\u00b0 032, de 19 de abril.<\/p>\n\n\n\n<figure class=\"wp-block-image is-resized\"><img loading=\"lazy\" decoding=\"async\" src=\"https:\/\/www.n1to.com.br\/img\/cache\/800x400\/80\/crop\/Imagem-c0b3308a5bd1810f52232a9e6c0d566e.jpg\" alt=\"\" width=\"404\" height=\"202\"\/><\/figure>\n\n\n\n<figure class=\"wp-block-image\"><img decoding=\"async\" src=\"http:\/\/n1to.com.br\/img\/uploads\/veloso_banner_52.jpeg\" alt=\"\"\/><\/figure>\n","protected":false},"excerpt":{"rendered":"<p>As a\u00e7\u00f5es previstas para elabora\u00e7\u00e3o do Plano de Mobilidade Urbana de Palmas (Planmob) ser\u00e3o apresentadas na primeira audi\u00eancia p\u00fablica que acontecer\u00e1 no dia 04 de maio, a partir das 14h30, no audit\u00f3rio da Associa\u00e7\u00e3o Tocantinense dos Munic\u00edpios (ATM), na Avenida Teot\u00f4nio Segurado. A constru\u00e7\u00e3o do plano municipal atende \u00e0s diretrizes da Lei Federal n\u00ba 12.587\/12, &hellip;<\/p>\n","protected":false},"author":5,"featured_media":2552,"comment_status":"open","ping_status":"open","sticky":false,"template":"","format":"standard","meta":{"footnotes":""},"categories":[37],"tags":[],"class_list":["post-2550","post","type-post","status-publish","format-standard","has-post-thumbnail","","category-palmas"],"_links":{"self":[{"href":"https:\/\/focotocantinense.com.br\/index.php?rest_route=\/wp\/v2\/posts\/2550","targetHints":{"allow":["GET"]}}],"collection":[{"href":"https:\/\/focotocantinense.com.br\/index.php?rest_route=\/wp\/v2\/posts"}],"about":[{"href":"https:\/\/focotocantinense.com.br\/index.php?rest_route=\/wp\/v2\/types\/post"}],"author":[{"embeddable":true,"href":"https:\/\/focotocantinense.com.br\/index.php?rest_route=\/wp\/v2\/users\/5"}],"replies":[{"embeddable":true,"href":"https:\/\/focotocantinense.com.br\/index.php?rest_route=%2Fwp%2Fv2%2Fcomments&post=2550"}],"version-history":[{"count":3,"href":"https:\/\/focotocantinense.com.br\/index.php?rest_route=\/wp\/v2\/posts\/2550\/revisions"}],"predecessor-version":[{"id":2554,"href":"https:\/\/focotocantinense.com.br\/index.php?rest_route=\/wp\/v2\/posts\/2550\/revisions\/2554"}],"wp:featuredmedia":[{"embeddable":true,"href":"https:\/\/focotocantinense.com.br\/index.php?rest_route=\/wp\/v2\/media\/2552"}],"wp:attachment":[{"href":"https:\/\/focotocantinense.com.br\/index.php?rest_route=%2Fwp%2Fv2%2Fmedia&parent=2550"}],"wp:term":[{"taxonomy":"category","embeddable":true,"href":"https:\/\/focotocantinense.com.br\/index.php?rest_route=%2Fwp%2Fv2%2Fcategories&post=2550"},{"taxonomy":"post_tag","embeddable":true,"href":"https:\/\/focotocantinense.com.br\/index.php?rest_route=%2Fwp%2Fv2%2Ftags&post=2550"}],"curies":[{"name":"wp","href":"https:\/\/api.w.org\/{rel}","templated":true}]}}