{"id":2547,"date":"2022-04-26T12:45:05","date_gmt":"2022-04-26T15:45:05","guid":{"rendered":"https:\/\/focotocantinense.com.br\/?p=2547"},"modified":"2022-04-26T12:46:20","modified_gmt":"2022-04-26T15:46:20","slug":"programacao-do-cafe-com-poesia-anima-a-comunidade-de-tocantinia","status":"publish","type":"post","link":"https:\/\/focotocantinense.com.br\/?p=2547","title":{"rendered":"Programa\u00e7\u00e3o do Caf\u00e9 com Poesia anima a comunidade de Tocant\u00ednia"},"content":{"rendered":"\n<p><strong>Por Leontina Martins<\/strong><\/p>\n\n\n\n<p>A Prefeitura de Tocant\u00ednia, por meio da Secretaria Municipal de Educa\u00e7\u00e3o (Semed), promoveu no final da tarde desta segunda-feira (25), a primeira edi\u00e7\u00e3o&nbsp; do Caf\u00e9 com Poesia.<\/p>\n\n\n\n<p>O evento aconteceu na Pra\u00e7a Valperino Gomes de Oliveira, em frente ao Centro de Refer\u00eancia do Projeto Leitura Viva, com a participa\u00e7\u00e3o dos alunos da &nbsp;Universidade da Maturidade (UMA), polo de Tocant\u00ednia e&nbsp; contou com roda de conversa, apresenta\u00e7\u00e3o de m\u00fasicas regionais, conta\u00e7\u00e3o de&nbsp; &nbsp;causos, al\u00e9m de&nbsp; recital de &nbsp;poesias.<\/p>\n\n\n\n<p>O secret\u00e1rio de Educa\u00e7\u00e3o do munic\u00edpio, professor Andr\u00e9 Goveia, que tamb\u00e9m \u00e9 poeta e participou ativamente da programa\u00e7\u00e3o cultural, explicou que o Centro de Refer\u00eancia do Projeto Leitura Viva, tem como objetivo incentivar, levando a comunidade de Tocant\u00ednia e regi\u00e3o a desenvolver o gosto pela leitura e a escrita.<\/p>\n\n\n\n<p>\u201cBuscamos, com iniciativas essa, valorizar os saberes da nossa comunidade, especialmente, daquelas pessoas com mais experi\u00eancia de vida, vez que os seus conhecimentos s\u00e3o de muita import\u00e2ncia como pertencimento de um povo, de uma cultura muito rica\u201d, concluiu o secret\u00e1rio.<\/p>\n\n\n\n<p>O sanfoneiro Paulinho do Forr\u00f3 animou a programa\u00e7\u00e3o cultural com a sua sanfona e, posteriormente, tamb\u00e9m mostrou o seu talento declamando poesia de Literatura de Cordel.<\/p>\n\n\n\n<figure class=\"wp-block-image\"><img decoding=\"async\" src=\"http:\/\/n1to.com.br\/img\/uploads\/bbb_12.jpg\" alt=\"\"\/><\/figure>\n\n\n\n<figure class=\"wp-block-image\"><img decoding=\"async\" src=\"http:\/\/n1to.com.br\/img\/uploads\/ccc_5.jpg\" alt=\"\"\/><\/figure>\n\n\n\n<figure class=\"wp-block-image is-resized\"><img loading=\"lazy\" decoding=\"async\" src=\"http:\/\/n1to.com.br\/img\/uploads\/ddd_2.jpg\" alt=\"\" width=\"838\" height=\"563\"\/><\/figure>\n","protected":false},"excerpt":{"rendered":"<p>Por Leontina Martins A Prefeitura de Tocant\u00ednia, por meio da Secretaria Municipal de Educa\u00e7\u00e3o (Semed), promoveu no final da tarde desta segunda-feira (25), a primeira edi\u00e7\u00e3o&nbsp; do Caf\u00e9 com Poesia. O evento aconteceu na Pra\u00e7a Valperino Gomes de Oliveira, em frente ao Centro de Refer\u00eancia do Projeto Leitura Viva, com a participa\u00e7\u00e3o dos alunos da &hellip;<\/p>\n","protected":false},"author":5,"featured_media":2549,"comment_status":"open","ping_status":"open","sticky":false,"template":"","format":"standard","meta":{"footnotes":""},"categories":[78],"tags":[],"class_list":["post-2547","post","type-post","status-publish","format-standard","has-post-thumbnail","","category-tocantinia"],"_links":{"self":[{"href":"https:\/\/focotocantinense.com.br\/index.php?rest_route=\/wp\/v2\/posts\/2547","targetHints":{"allow":["GET"]}}],"collection":[{"href":"https:\/\/focotocantinense.com.br\/index.php?rest_route=\/wp\/v2\/posts"}],"about":[{"href":"https:\/\/focotocantinense.com.br\/index.php?rest_route=\/wp\/v2\/types\/post"}],"author":[{"embeddable":true,"href":"https:\/\/focotocantinense.com.br\/index.php?rest_route=\/wp\/v2\/users\/5"}],"replies":[{"embeddable":true,"href":"https:\/\/focotocantinense.com.br\/index.php?rest_route=%2Fwp%2Fv2%2Fcomments&post=2547"}],"version-history":[{"count":1,"href":"https:\/\/focotocantinense.com.br\/index.php?rest_route=\/wp\/v2\/posts\/2547\/revisions"}],"predecessor-version":[{"id":2548,"href":"https:\/\/focotocantinense.com.br\/index.php?rest_route=\/wp\/v2\/posts\/2547\/revisions\/2548"}],"wp:featuredmedia":[{"embeddable":true,"href":"https:\/\/focotocantinense.com.br\/index.php?rest_route=\/wp\/v2\/media\/2549"}],"wp:attachment":[{"href":"https:\/\/focotocantinense.com.br\/index.php?rest_route=%2Fwp%2Fv2%2Fmedia&parent=2547"}],"wp:term":[{"taxonomy":"category","embeddable":true,"href":"https:\/\/focotocantinense.com.br\/index.php?rest_route=%2Fwp%2Fv2%2Fcategories&post=2547"},{"taxonomy":"post_tag","embeddable":true,"href":"https:\/\/focotocantinense.com.br\/index.php?rest_route=%2Fwp%2Fv2%2Ftags&post=2547"}],"curies":[{"name":"wp","href":"https:\/\/api.w.org\/{rel}","templated":true}]}}