{"id":2544,"date":"2022-04-25T18:29:55","date_gmt":"2022-04-25T21:29:55","guid":{"rendered":"https:\/\/focotocantinense.com.br\/?p=2544"},"modified":"2022-04-25T18:31:44","modified_gmt":"2022-04-25T21:31:44","slug":"policia-federal-combate-crime-de-abuso-sexual-infantil-em-araguaina","status":"publish","type":"post","link":"https:\/\/focotocantinense.com.br\/?p=2544","title":{"rendered":"Pol\u00edcia Federal combate crime de abuso sexual infantil em Aragua\u00edna"},"content":{"rendered":"\n<p>A Pol\u00edcia Federal deflagrou nesta segunda-feira (25\/04) em Aragua\u00edna, no norte dfo Estado, a Opera\u00e7\u00e3o Vellar III para cumprimento de mandado de busca e apreens\u00e3o e de pris\u00e3o preventiva contra um investigado por abuso\/explora\u00e7\u00e3o sexual infantil e estupro de vulner\u00e1vel.<\/p>\n\n\n\n<p>As investiga\u00e7\u00f5es se iniciaram com a an\u00e1lise de material contendo diversos v\u00eddeos de pornografia infantil, encaminhados pelo SERCOPI \u2013 Servi\u00e7o de Repress\u00e3o a Crimes de \u00d3dio e Pornografia Infanto-juvenil da Policia Federal em Bras\u00edlia, sendo que dentre esses havia um em que uma crian\u00e7a aparecia sendo abusada sexualmente pelo investigado.<\/p>\n\n\n\n<p>O trabalho permanente de investiga\u00e7\u00e3o e combate \u00e0 pornogr\u00e1fica infantil \u00e9 decorrente de coopera\u00e7\u00e3o t\u00e9cnica-investigativa entre a Pol\u00edcia Federal e o National Center for Missing and Exploited children (NCMEC), que reportou \u00e0 Pol\u00edcia Federal a a\u00e7\u00e3o de um usu\u00e1rio residente na cidade de Aragua\u00edna\/TO, que teria armazenado cerca de 3.685 (tr\u00eas mil, seiscentos e oitenta e cinco) imagens\/v\u00eddeos de sexo expl\u00edcito ou pornogr\u00e1fica com crian\u00e7a ou adolescente.<\/p>\n\n\n\n<p>A Pol\u00edcia Federal informa que a investiga\u00e7\u00e3o segue em andamento e que, por enquanto, n\u00e3o \u00e9 poss\u00edvel estimar quantas crian\u00e7as podem ter sido v\u00edtimas do investigado e nem h\u00e1 quanto tempo o suspeito estaria cometendo os crimes.<\/p>\n\n\n\n<p>O investigado pode responder pelos crimes de estupro de vulner\u00e1vel e produ\u00e7\u00e3o e armazenamento de pornografia infantil. As penas somadas podem chegar a 27 anos de pris\u00e3o.<\/p>\n\n\n\n<p>O nome \u201cVelar\u201d faz refer\u00eancia ao compromisso institucional da Pol\u00edcia Federal em permanecer vigilante na repress\u00e3o dos crimes de abuso sexual envolvendo crian\u00e7as ou adolescentes via internet.<\/p>\n\n\n\n<p>Destaca-se que em raz\u00e3o da Pandemia causada pela COVID-19, foi adotada log\u00edstica especial de preven\u00e7\u00e3o ao cont\u00e1gio, com distribui\u00e7\u00e3o de EPI\u2019s a todos os envolvidos, a fim de preservar a sa\u00fade dos policiais, testemunhas e investigados.<\/p>\n\n\n\n<figure class=\"wp-block-image\"><img decoding=\"async\" src=\"https:\/\/www.n1to.com.br\/img\/cache\/800x400\/80\/crop\/Imagem-75cd64e8a0b02d32aa46c1db916d41a1.jpg\" alt=\"\"\/><\/figure>\n","protected":false},"excerpt":{"rendered":"<p>A Pol\u00edcia Federal deflagrou nesta segunda-feira (25\/04) em Aragua\u00edna, no norte dfo Estado, a Opera\u00e7\u00e3o Vellar III para cumprimento de mandado de busca e apreens\u00e3o e de pris\u00e3o preventiva contra um investigado por abuso\/explora\u00e7\u00e3o sexual infantil e estupro de vulner\u00e1vel. As investiga\u00e7\u00f5es se iniciaram com a an\u00e1lise de material contendo diversos v\u00eddeos de pornografia infantil, &hellip;<\/p>\n","protected":false},"author":5,"featured_media":2546,"comment_status":"open","ping_status":"open","sticky":false,"template":"","format":"standard","meta":{"footnotes":""},"categories":[45,41,1],"tags":[],"class_list":["post-2544","post","type-post","status-publish","format-standard","has-post-thumbnail","","category-araguaina","category-policia","category-sem-categoria"],"_links":{"self":[{"href":"https:\/\/focotocantinense.com.br\/index.php?rest_route=\/wp\/v2\/posts\/2544","targetHints":{"allow":["GET"]}}],"collection":[{"href":"https:\/\/focotocantinense.com.br\/index.php?rest_route=\/wp\/v2\/posts"}],"about":[{"href":"https:\/\/focotocantinense.com.br\/index.php?rest_route=\/wp\/v2\/types\/post"}],"author":[{"embeddable":true,"href":"https:\/\/focotocantinense.com.br\/index.php?rest_route=\/wp\/v2\/users\/5"}],"replies":[{"embeddable":true,"href":"https:\/\/focotocantinense.com.br\/index.php?rest_route=%2Fwp%2Fv2%2Fcomments&post=2544"}],"version-history":[{"count":1,"href":"https:\/\/focotocantinense.com.br\/index.php?rest_route=\/wp\/v2\/posts\/2544\/revisions"}],"predecessor-version":[{"id":2545,"href":"https:\/\/focotocantinense.com.br\/index.php?rest_route=\/wp\/v2\/posts\/2544\/revisions\/2545"}],"wp:featuredmedia":[{"embeddable":true,"href":"https:\/\/focotocantinense.com.br\/index.php?rest_route=\/wp\/v2\/media\/2546"}],"wp:attachment":[{"href":"https:\/\/focotocantinense.com.br\/index.php?rest_route=%2Fwp%2Fv2%2Fmedia&parent=2544"}],"wp:term":[{"taxonomy":"category","embeddable":true,"href":"https:\/\/focotocantinense.com.br\/index.php?rest_route=%2Fwp%2Fv2%2Fcategories&post=2544"},{"taxonomy":"post_tag","embeddable":true,"href":"https:\/\/focotocantinense.com.br\/index.php?rest_route=%2Fwp%2Fv2%2Ftags&post=2544"}],"curies":[{"name":"wp","href":"https:\/\/api.w.org\/{rel}","templated":true}]}}