{"id":2540,"date":"2022-04-23T19:32:49","date_gmt":"2022-04-23T22:32:49","guid":{"rendered":"https:\/\/focotocantinense.com.br\/?p=2540"},"modified":"2022-04-23T19:34:55","modified_gmt":"2022-04-23T22:34:55","slug":"governo-do-tocantins-autoriza-a-retomada-das-obras-de-pavimentacao-do-trevo-da-praia-dia-2-de-maio","status":"publish","type":"post","link":"https:\/\/focotocantinense.com.br\/?p=2540","title":{"rendered":"Governo do Tocantins autoriza a retomada das obras de pavimenta\u00e7\u00e3o do Trevo da Praia, dia 2 de maio"},"content":{"rendered":"\n<p>O governador do Estado do Tocantins, Wanderlei Barbosa, vai emitir ordem de servi\u00e7o para a retomada das obras de pavimenta\u00e7\u00e3o da rodovia TO-365, do entroncamento da BR-153, em Gurupi, ao povoado do Trevo da Praia, em Gurupi, no pr\u00f3ximo dia 2 de maio. As obras est\u00e3o paralisadas devido \u00e0s fortes chuvas na regi\u00e3o. Com investimentos na ordem de R$ 70 milh\u00f5es nas interven\u00e7\u00f5es no trecho de 50 km de extens\u00e3o, ser\u00e3o executados os servi\u00e7os de terraplanagem, drenagem, pavimenta\u00e7\u00e3o asf\u00e1ltica, obras de arte e programas ambientais.<\/p>\n\n\n\n<p>A regi\u00e3o \u00e9 formada por grandes, m\u00e9dios e pequenos produtores de gr\u00e3os, que veem no asfaltamento da rodovia uma forma de encurtar a dist\u00e2ncia, proporcionar seguran\u00e7a e at\u00e9 mesmo agregar valor \u00e0s propriedades e \u00e0 produ\u00e7\u00e3o agr\u00edcola. Portanto, facilitar\u00e1 a vida em todos os aspectos com rela\u00e7\u00e3o \u00e0 quest\u00e3o vi\u00e1ria, como rapidez no acesso \u00e0 sa\u00fade, educa\u00e7\u00e3o e seguran\u00e7a p\u00fablica.<\/p>\n\n\n\n<p>De acordo com o governador Wanderlei Barbosa, investir em infraestrutura \u00e9 o caminho para o desenvolvimento econ\u00f4mico do Tocantins. \u201cDesde que assumi o Governo n\u00f3s fizemos um planejamento de gest\u00e3o para o per\u00edodo p\u00f3s chuva e esse trecho \u00e9 prioridade. Estamos buscando formas de acelerar o cronograma e entregar toda a pavimenta\u00e7\u00e3o dessa regi\u00e3o o mais r\u00e1pido poss\u00edvel\u201d, finalizou.<\/p>\n\n\n\n<p>Para o presidente da Ag\u00eancia Tocantinense de Transporte e Obras (Ageto), M\u00e1rcio Pinheiro Rodrigues, a pavimenta\u00e7\u00e3o desse trecho vai impactar positivamente a vida das pessoas. &#8220;Vai facilitar o escoamento dos produtos e promover o desenvolvimento socioecon\u00f4mico da regi\u00e3o. As pessoas est\u00e3o acreditando no desenvolvimento a partir dessa obra e a recupera\u00e7\u00e3o econ\u00f4mica do Estado nos permite andar em rodovias de qualidade&#8221;.<\/p>\n\n\n\n<figure class=\"wp-block-image\"><img decoding=\"async\" src=\"https:\/\/www.n1to.com.br\/img\/cache\/800x400\/80\/crop\/Imagem-027e898d0174211250abf744e3b8e980.png\" alt=\"\"\/><\/figure>\n","protected":false},"excerpt":{"rendered":"<p>O governador do Estado do Tocantins, Wanderlei Barbosa, vai emitir ordem de servi\u00e7o para a retomada das obras de pavimenta\u00e7\u00e3o da rodovia TO-365, do entroncamento da BR-153, em Gurupi, ao povoado do Trevo da Praia, em Gurupi, no pr\u00f3ximo dia 2 de maio. As obras est\u00e3o paralisadas devido \u00e0s fortes chuvas na regi\u00e3o. Com investimentos &hellip;<\/p>\n","protected":false},"author":5,"featured_media":2543,"comment_status":"open","ping_status":"open","sticky":false,"template":"","format":"standard","meta":{"footnotes":""},"categories":[38,40],"tags":[],"class_list":["post-2540","post","type-post","status-publish","format-standard","has-post-thumbnail","","category-gurupi","category-politica"],"_links":{"self":[{"href":"https:\/\/focotocantinense.com.br\/index.php?rest_route=\/wp\/v2\/posts\/2540","targetHints":{"allow":["GET"]}}],"collection":[{"href":"https:\/\/focotocantinense.com.br\/index.php?rest_route=\/wp\/v2\/posts"}],"about":[{"href":"https:\/\/focotocantinense.com.br\/index.php?rest_route=\/wp\/v2\/types\/post"}],"author":[{"embeddable":true,"href":"https:\/\/focotocantinense.com.br\/index.php?rest_route=\/wp\/v2\/users\/5"}],"replies":[{"embeddable":true,"href":"https:\/\/focotocantinense.com.br\/index.php?rest_route=%2Fwp%2Fv2%2Fcomments&post=2540"}],"version-history":[{"count":2,"href":"https:\/\/focotocantinense.com.br\/index.php?rest_route=\/wp\/v2\/posts\/2540\/revisions"}],"predecessor-version":[{"id":2542,"href":"https:\/\/focotocantinense.com.br\/index.php?rest_route=\/wp\/v2\/posts\/2540\/revisions\/2542"}],"wp:featuredmedia":[{"embeddable":true,"href":"https:\/\/focotocantinense.com.br\/index.php?rest_route=\/wp\/v2\/media\/2543"}],"wp:attachment":[{"href":"https:\/\/focotocantinense.com.br\/index.php?rest_route=%2Fwp%2Fv2%2Fmedia&parent=2540"}],"wp:term":[{"taxonomy":"category","embeddable":true,"href":"https:\/\/focotocantinense.com.br\/index.php?rest_route=%2Fwp%2Fv2%2Fcategories&post=2540"},{"taxonomy":"post_tag","embeddable":true,"href":"https:\/\/focotocantinense.com.br\/index.php?rest_route=%2Fwp%2Fv2%2Ftags&post=2540"}],"curies":[{"name":"wp","href":"https:\/\/api.w.org\/{rel}","templated":true}]}}