{"id":2537,"date":"2022-04-20T20:17:55","date_gmt":"2022-04-20T23:17:55","guid":{"rendered":"https:\/\/focotocantinense.com.br\/?p=2537"},"modified":"2022-04-20T20:19:42","modified_gmt":"2022-04-20T23:19:42","slug":"governador-wanderlei-barbosa-assina-convenios-na-ordem-de-r-18-milhoes-para-revitalizacao-dos-parques-industriais-de-gurupi-e-paraiso-do-tocantins","status":"publish","type":"post","link":"https:\/\/focotocantinense.com.br\/?p=2537","title":{"rendered":"Governador Wanderlei Barbosa assina conv\u00eanios na ordem de R$ 18 milh\u00f5es para revitaliza\u00e7\u00e3o dos parques industriais de Gurupi e Para\u00edso do Tocantins"},"content":{"rendered":"\n<p>Empres\u00e1rios dos parques industriais de Gurupi e Para\u00edso do Tocantins em breve desfrutar\u00e3o de uma melhor infraestrutura, gra\u00e7as aos conv\u00eanios assinados entre as respectivas prefeituras e o Governo do Tocantins. O investimento \u00e9 de mais de R$ 18 milh\u00f5es, oriundos do Programa de Impulsionamento da Ind\u00fastria, Com\u00e9rcio e Servi\u00e7os (PICS). A assinatura ocorreu na manh\u00e3 desta quarta-feira, 20, no Pal\u00e1cio Araguaia, com a presen\u00e7a do governador Wanderlei Barbosa, prefeitos, vereadores, deputados estaduais e empres\u00e1rios.<\/p>\n\n\n\n<p>Para implanta\u00e7\u00e3o do anel vi\u00e1rio e do trevo de acesso ao Parque Industrial de Para\u00edso do Tocantins, est\u00e3o sendo investidos mais de R$ 15 milh\u00f5es e para o alargamento da Avenida Goi\u00e1s que d\u00e1 acesso ao Distrito de Gurupi, mais de R$ 3 milh\u00f5es. Na ocasi\u00e3o, tamb\u00e9m foi assinado o edital de licita\u00e7\u00e3o para a revitaliza\u00e7\u00e3o do Parque Industrial de Guara\u00ed, na ordem de R$ 8,2 milh\u00f5es, cujo conv\u00eanio com a Prefeitura foi assinado no dia 11 de mar\u00e7o deste ano.<\/p>\n\n\n\n<p>Ao assinar os conv\u00eanios, o governador Wanderlei Barbosa destacou que, desde que assumiu a gest\u00e3o, buscou eleger prioridades para fazer os investimentos necess\u00e1rios. \u201cA partir do momento que assumimos, fizemos um planejamento de gest\u00e3o, com responsabilidade e equil\u00edbrio, o que propicia investir nos munic\u00edpios. Um investimento como esse nos nossos distritos industriais proporciona que novos empres\u00e1rios venham investir nessas cidades, gerando mais empregos e renda para a popula\u00e7\u00e3o\u201d, destacou o Governador.<\/p>\n\n\n\n<p>O secret\u00e1rio de Estado da Ind\u00fastria, Com\u00e9rcio e Servi\u00e7os, Carlos Humberto Lima, detalhou os servi\u00e7os que ser\u00e3o realizados nesses locais. \u201cEm Gurupi, vamos duplicar a Avenida Goi\u00e1s no final do per\u00edmetro urbano at\u00e9 o trevo distrito industrial, melhorando a acessibilidade de todos os trabalhadores e os moradores da regi\u00e3o que poder\u00e3o transitar ali com mais seguran\u00e7a. Em Para\u00edso, a entrada do parque, que se encontra \u00e0s margens da BR-153, vamos dotar de dois trevos de acesso e uma al\u00e7a vi\u00e1ria que permitir\u00e1 que estudantes e moradores locais possam transitar com seguran\u00e7a, passando dentro do anel vi\u00e1rio e n\u00e3o mais dentro do parque industrial, o que historicamente tem causado acidentes\u201d, informou.<\/p>\n\n\n\n<p>As obras ser\u00e3o licitadas pela Secretaria de Estado da Infraestrutura, Cidades e Habita\u00e7\u00e3o (Seinf) e a expectativa \u00e9 de que, at\u00e9 julho, sejam dadas as ordens de servi\u00e7o para a execu\u00e7\u00e3o.<\/p>\n\n\n\n<p><strong>Prefeitos<\/strong><\/p>\n\n\n\n<p>O prefeito de Para\u00edso do Tocantins, Celso Moraes, acredita que a revitaliza\u00e7\u00e3o do parque industrial da cidade vai atrair mais investidores e gerar emprego e renda. \u201cCom a revitaliza\u00e7\u00e3o de todo o Parque Industrial, vamos aumentar o n\u00famero de novas \u00e1reas a serem exploradas pelas pessoas que realmente querem vir para o nosso Estado fazer esse desenvolvimento. Ent\u00e3o, n\u00f3s estamos aqui para agradecer o Governo do Estado no sentido de estar melhorando a vida das pessoas e n\u00e3o tem uma forma mais digna que gerar emprego e renda para o munic\u00edpio\u201d, pontuou.<\/p>\n\n\n\n<p>A prefeita de Gurupi, Josi Nunes, ressaltou que a melhoria da infraestrutura do distrito industrial da cidade \u00e9 uma demanda antiga dos empres\u00e1rios, estudantes e entidades classistas da cidade. \u201c\u00c9 uma avenida estreita, que tem um tr\u00e2nsito muito grande e agora vai ser concretizada essa obra. N\u00f3s s\u00f3 temos a agradecer o empenho e a agilidade de ter efetivado a assinatura desse conv\u00eanio para que a obra aconte\u00e7a. Vamos acompanhar e ser parceiros no que for necess\u00e1rio porque \u00e9 uma obra importante e Gurupi est\u00e1 muito feliz\u201d, destacou.<\/p>\n\n\n\n<p>A prefeita de Guara\u00ed, F\u00e1tima Coelho, afirmou que a implanta\u00e7\u00e3o da infraestrutura do parque industrial \u00e9 um momento \u00edmpar para a cidade. \u201cEu considero um momento \u00edmpar para os guaraienses. A gente tem lutado muito para implantar o Parque Industrial em Guara\u00ed, que \u00e9 uma das cidades com a melhor log\u00edstica do Estado. Receber a not\u00edcia de que j\u00e1 estamos na fase de licita\u00e7\u00e3o e, logo, em pouco tempo, n\u00f3s estaremos recebendo os empres\u00e1rios que ir\u00e3o investir na nossa cidade, isso vai gerar emprego, fomentar o com\u00e9rcio local e as cidades circunvizinhas\u201d, frisou.<\/p>\n\n\n\n<p>Estavam presentes na solenidade, o superintendente do Sebrae, Mois\u00e9s Gomes; o presidente da Federa\u00e7\u00e3o das Ind\u00fastrias do Estado do Tocantins (Fieto), Roberto Pires; o presidente da Associa\u00e7\u00e3o Comercial e Industrial de Palmas (Acipa), Joseph Madeira; o presidente da Associa\u00e7\u00e3o Tocantinense de Munic\u00edpios; Diogo Borges; deputados estaduais, prefeitos e vereadores.<\/p>\n\n\n\n<figure class=\"wp-block-image\"><img decoding=\"async\" src=\"http:\/\/n1to.com.br\/img\/uploads\/bbbb_11.jpg\" alt=\"\"\/><\/figure>\n\n\n\n<figure class=\"wp-block-image\"><img decoding=\"async\" src=\"http:\/\/n1to.com.br\/img\/uploads\/TIO_BARNABEE_OK_91.jpg\" alt=\"\"\/><\/figure>\n","protected":false},"excerpt":{"rendered":"<p>Empres\u00e1rios dos parques industriais de Gurupi e Para\u00edso do Tocantins em breve desfrutar\u00e3o de uma melhor infraestrutura, gra\u00e7as aos conv\u00eanios assinados entre as respectivas prefeituras e o Governo do Tocantins. O investimento \u00e9 de mais de R$ 18 milh\u00f5es, oriundos do Programa de Impulsionamento da Ind\u00fastria, Com\u00e9rcio e Servi\u00e7os (PICS). A assinatura ocorreu na manh\u00e3 &hellip;<\/p>\n","protected":false},"author":5,"featured_media":2539,"comment_status":"open","ping_status":"open","sticky":false,"template":"","format":"standard","meta":{"footnotes":""},"categories":[38,1],"tags":[],"class_list":["post-2537","post","type-post","status-publish","format-standard","has-post-thumbnail","","category-gurupi","category-sem-categoria"],"_links":{"self":[{"href":"https:\/\/focotocantinense.com.br\/index.php?rest_route=\/wp\/v2\/posts\/2537","targetHints":{"allow":["GET"]}}],"collection":[{"href":"https:\/\/focotocantinense.com.br\/index.php?rest_route=\/wp\/v2\/posts"}],"about":[{"href":"https:\/\/focotocantinense.com.br\/index.php?rest_route=\/wp\/v2\/types\/post"}],"author":[{"embeddable":true,"href":"https:\/\/focotocantinense.com.br\/index.php?rest_route=\/wp\/v2\/users\/5"}],"replies":[{"embeddable":true,"href":"https:\/\/focotocantinense.com.br\/index.php?rest_route=%2Fwp%2Fv2%2Fcomments&post=2537"}],"version-history":[{"count":1,"href":"https:\/\/focotocantinense.com.br\/index.php?rest_route=\/wp\/v2\/posts\/2537\/revisions"}],"predecessor-version":[{"id":2538,"href":"https:\/\/focotocantinense.com.br\/index.php?rest_route=\/wp\/v2\/posts\/2537\/revisions\/2538"}],"wp:featuredmedia":[{"embeddable":true,"href":"https:\/\/focotocantinense.com.br\/index.php?rest_route=\/wp\/v2\/media\/2539"}],"wp:attachment":[{"href":"https:\/\/focotocantinense.com.br\/index.php?rest_route=%2Fwp%2Fv2%2Fmedia&parent=2537"}],"wp:term":[{"taxonomy":"category","embeddable":true,"href":"https:\/\/focotocantinense.com.br\/index.php?rest_route=%2Fwp%2Fv2%2Fcategories&post=2537"},{"taxonomy":"post_tag","embeddable":true,"href":"https:\/\/focotocantinense.com.br\/index.php?rest_route=%2Fwp%2Fv2%2Ftags&post=2537"}],"curies":[{"name":"wp","href":"https:\/\/api.w.org\/{rel}","templated":true}]}}