{"id":2527,"date":"2022-04-20T10:26:31","date_gmt":"2022-04-20T13:26:31","guid":{"rendered":"https:\/\/focotocantinense.com.br\/?p=2527"},"modified":"2022-04-20T10:30:02","modified_gmt":"2022-04-20T13:30:02","slug":"ministerio-publico-arquiva-processo-contra-o-vereador-napoleao-dionisio-por-falta-de-provas","status":"publish","type":"post","link":"https:\/\/focotocantinense.com.br\/?p=2527","title":{"rendered":"Minist\u00e9rio P\u00fablico arquiva processo contra o vereador Napole\u00e3o Dion\u00edsio por falta de provas"},"content":{"rendered":"\n<p>O Minist\u00e9rio P\u00fablico do Tocantins, decidiu arquivar a den\u00fancia an\u00f4nima na qual o denunciante relata, em suma, que o vereador Napole\u00e3o Dion\u00edsio da Costa supostamente vendeu uma \u00e1rea de reserva ambiental, onde foi constru\u00eddo uma casa para ser um bar e restaurante no Bosque da Lagoa, como \u00e9 popularmente conhecido.<\/p>\n\n\n\n<p>Segundo consta na den\u00fancia o vereador &nbsp;supostamente teria vendido&nbsp; &nbsp;uma \u00e1rea p\u00fablica de reserva ambiental pelo valor de R$ 100.000,00, para Aparecida, &nbsp;propriet\u00e1ria do &#8220;Bar da Boa&#8221;, o que n\u00e3o condiz coma verdade dos fatos.<\/p>\n\n\n\n<p>Ao ser acionado pelo Minist\u00e9rio P\u00fablico,&nbsp; o vereador Napole\u00e3o Dion\u00edsio da Costa, prontamente comprovou &nbsp; n\u00e3o ser o propriet\u00e1rio do &nbsp;im\u00f3vel que &nbsp;nunca lhe pertenceu, bem como, informou que o im\u00f3vel foi constru\u00eddo no ano de 2012 na gest\u00e3o do prefeito Neto Lino e que se trata&nbsp;de concess\u00e3o feita pela prefeitura a Jaime Coelho Furtado e que&nbsp;o referido im\u00f3vel j\u00e1 foi repassado outras vezes e que a pessoa que est\u00e1 em posse do im\u00f3vel informou que n\u00e3o comprou o ponto, que \u00e9 apenas objeto de loca\u00e7\u00e3o.<\/p>\n\n\n\n<p>Napole\u00e3o Dion\u00edsio explicou, tamb\u00e9m, que &nbsp;o Cart\u00f3rio de Registro de Im\u00f3veis de Lagoa da Confus\u00e3o, &nbsp;por sua vez, informou que ap\u00f3s realizar buscas em todos os livros da serventia notarial e registral n\u00e3o localizou nenhum ato efetuado referente \u00e0 sua pessoa &nbsp;e Aparecida, propriet\u00e1ria do &#8220;Bar da Boa&#8221;.<\/p>\n\n\n\n<p>Sendo assim, de acordo com o Minist\u00e9rio P\u00fablico, n\u00e3o foi poss\u00edvel vislumbrar elementos m\u00ednimos e suficientes para dar in\u00edcio a uma apura\u00e7\u00e3o, uma vez que n\u00e3o ficaram comprovados os fatos relatados na den\u00fancia an\u00f4nima.<\/p>\n\n\n\n<p>Ademais, por se tratar de den\u00fancia an\u00f4nima n\u00e3o \u00e9 poss\u00edvel notificar o denunciante para complementar as informa\u00e7\u00f5es, sendo o arquivamento medida que se imp\u00f5e.<\/p>\n\n\n\n<p><\/p>\n\n\n\n<figure class=\"wp-block-image size-full\"><img loading=\"lazy\" decoding=\"async\" width=\"859\" height=\"492\" src=\"https:\/\/focotocantinense.com.br\/wp-content\/uploads\/2022\/04\/NAPO-COSTA-FOTO-ZACARIAS-MARTINS.jpg\" alt=\"\" class=\"wp-image-2529\" srcset=\"https:\/\/focotocantinense.com.br\/wp-content\/uploads\/2022\/04\/NAPO-COSTA-FOTO-ZACARIAS-MARTINS.jpg 859w, https:\/\/focotocantinense.com.br\/wp-content\/uploads\/2022\/04\/NAPO-COSTA-FOTO-ZACARIAS-MARTINS-300x172.jpg 300w, https:\/\/focotocantinense.com.br\/wp-content\/uploads\/2022\/04\/NAPO-COSTA-FOTO-ZACARIAS-MARTINS-768x440.jpg 768w\" sizes=\"auto, (max-width: 859px) 100vw, 859px\" \/><figcaption><strong><em>Vereador Napole\u00e3o Dion\u00edsiio<\/em><\/strong><\/figcaption><\/figure>\n","protected":false},"excerpt":{"rendered":"<p>O Minist\u00e9rio P\u00fablico do Tocantins, decidiu arquivar a den\u00fancia an\u00f4nima na qual o denunciante relata, em suma, que o vereador Napole\u00e3o Dion\u00edsio da Costa supostamente vendeu uma \u00e1rea de reserva ambiental, onde foi constru\u00eddo uma casa para ser um bar e restaurante no Bosque da Lagoa, como \u00e9 popularmente conhecido. Segundo consta na den\u00fancia o &hellip;<\/p>\n","protected":false},"author":5,"featured_media":2532,"comment_status":"open","ping_status":"open","sticky":false,"template":"","format":"standard","meta":{"footnotes":""},"categories":[71,40],"tags":[],"class_list":["post-2527","post","type-post","status-publish","format-standard","has-post-thumbnail","","category-lagoa-da-confusao","category-politica"],"_links":{"self":[{"href":"https:\/\/focotocantinense.com.br\/index.php?rest_route=\/wp\/v2\/posts\/2527","targetHints":{"allow":["GET"]}}],"collection":[{"href":"https:\/\/focotocantinense.com.br\/index.php?rest_route=\/wp\/v2\/posts"}],"about":[{"href":"https:\/\/focotocantinense.com.br\/index.php?rest_route=\/wp\/v2\/types\/post"}],"author":[{"embeddable":true,"href":"https:\/\/focotocantinense.com.br\/index.php?rest_route=\/wp\/v2\/users\/5"}],"replies":[{"embeddable":true,"href":"https:\/\/focotocantinense.com.br\/index.php?rest_route=%2Fwp%2Fv2%2Fcomments&post=2527"}],"version-history":[{"count":2,"href":"https:\/\/focotocantinense.com.br\/index.php?rest_route=\/wp\/v2\/posts\/2527\/revisions"}],"predecessor-version":[{"id":2531,"href":"https:\/\/focotocantinense.com.br\/index.php?rest_route=\/wp\/v2\/posts\/2527\/revisions\/2531"}],"wp:featuredmedia":[{"embeddable":true,"href":"https:\/\/focotocantinense.com.br\/index.php?rest_route=\/wp\/v2\/media\/2532"}],"wp:attachment":[{"href":"https:\/\/focotocantinense.com.br\/index.php?rest_route=%2Fwp%2Fv2%2Fmedia&parent=2527"}],"wp:term":[{"taxonomy":"category","embeddable":true,"href":"https:\/\/focotocantinense.com.br\/index.php?rest_route=%2Fwp%2Fv2%2Fcategories&post=2527"},{"taxonomy":"post_tag","embeddable":true,"href":"https:\/\/focotocantinense.com.br\/index.php?rest_route=%2Fwp%2Fv2%2Ftags&post=2527"}],"curies":[{"name":"wp","href":"https:\/\/api.w.org\/{rel}","templated":true}]}}