{"id":2523,"date":"2022-04-20T10:14:32","date_gmt":"2022-04-20T13:14:32","guid":{"rendered":"https:\/\/focotocantinense.com.br\/?p=2523"},"modified":"2022-04-20T10:15:46","modified_gmt":"2022-04-20T13:15:46","slug":"escola-municipal-professor-constantino-pedro-de-castro-em-tocantinia-celebra-o-dia-do-indio","status":"publish","type":"post","link":"https:\/\/focotocantinense.com.br\/?p=2523","title":{"rendered":"Escola Municipal Professor Constantino Pedro de Castro, em Tocant\u00ednia, celebra o Dia do \u00cdndio"},"content":{"rendered":"\n<figure class=\"wp-block-image size-full is-resized\"><img loading=\"lazy\" decoding=\"async\" src=\"http:\/\/focotocantinense.com.br\/wp-content\/uploads\/2022\/04\/aaaaaaaaaaaaa-4.jpg\" alt=\"\" class=\"wp-image-2524\" width=\"355\" height=\"176\" srcset=\"https:\/\/focotocantinense.com.br\/wp-content\/uploads\/2022\/04\/aaaaaaaaaaaaa-4.jpg 854w, https:\/\/focotocantinense.com.br\/wp-content\/uploads\/2022\/04\/aaaaaaaaaaaaa-4-300x149.jpg 300w, https:\/\/focotocantinense.com.br\/wp-content\/uploads\/2022\/04\/aaaaaaaaaaaaa-4-768x381.jpg 768w\" sizes=\"auto, (max-width: 355px) 100vw, 355px\" \/><figcaption><strong>Leontina Martins<\/strong><br>Em decorr\u00eancia das comemora\u00e7\u00f5es alusivas ao Dia do \u00cdndio, a equipe pedag\u00f3gica da Escola Municipal Professor Constantino Pedro de Castro, em Tocant\u00ednia, trabalhou com os alunos a\u00a0 cultura Akwe\/Xerente, tanto em \u00a0sala de aula, quanto fora dela.<br><br>As atividades contaram com a participa\u00e7\u00e3o especial do anci\u00e3o Vitorino Xerente e familiares da aldeia Aldeinha. Essas a\u00e7\u00f5es tiveram foco nas dan\u00e7as, nos rituais, cl\u00e3s, bem como, no batizado Xerente,\u00a0 quando foram dados nomes\u00a0 \u00a0ind\u00edgenas para alguns alunos e funcion\u00e1rios da unidade escolar.<br><br>Na oportunidade, foram apresentados, tamb\u00e9m, \u00a0alguns instrumentos utilizados nas aldeias e \u00a0ensinado como e quando \u00a0s\u00e3o\u00a0 utilizados.<br><br>Finalizando, houve o momento de pinturas corporais nos alunos e funcion\u00e1rios.<br><img loading=\"lazy\" decoding=\"async\" width=\"798\" height=\"457\" src=\"http:\/\/n1to.com.br\/img\/uploads\/4444_1.jpg\"><\/figcaption><\/figure>\n","protected":false},"excerpt":{"rendered":"<p>Leontina MartinsEm decorr\u00eancia das comemora\u00e7\u00f5es alusivas ao Dia do \u00cdndio, a equipe pedag\u00f3gica da Escola Municipal Professor Constantino Pedro de Castro, em Tocant\u00ednia, trabalhou com os alunos a\u00a0 cultura Akwe\/Xerente, tanto em \u00a0sala de aula, quanto fora dela.As atividades contaram com a participa\u00e7\u00e3o especial do anci\u00e3o Vitorino Xerente e familiares da aldeia Aldeinha. Essas a\u00e7\u00f5es &hellip;<\/p>\n","protected":false},"author":5,"featured_media":2524,"comment_status":"open","ping_status":"open","sticky":false,"template":"","format":"standard","meta":{"footnotes":""},"categories":[78],"tags":[],"class_list":["post-2523","post","type-post","status-publish","format-standard","has-post-thumbnail","","category-tocantinia"],"_links":{"self":[{"href":"https:\/\/focotocantinense.com.br\/index.php?rest_route=\/wp\/v2\/posts\/2523","targetHints":{"allow":["GET"]}}],"collection":[{"href":"https:\/\/focotocantinense.com.br\/index.php?rest_route=\/wp\/v2\/posts"}],"about":[{"href":"https:\/\/focotocantinense.com.br\/index.php?rest_route=\/wp\/v2\/types\/post"}],"author":[{"embeddable":true,"href":"https:\/\/focotocantinense.com.br\/index.php?rest_route=\/wp\/v2\/users\/5"}],"replies":[{"embeddable":true,"href":"https:\/\/focotocantinense.com.br\/index.php?rest_route=%2Fwp%2Fv2%2Fcomments&post=2523"}],"version-history":[{"count":2,"href":"https:\/\/focotocantinense.com.br\/index.php?rest_route=\/wp\/v2\/posts\/2523\/revisions"}],"predecessor-version":[{"id":2526,"href":"https:\/\/focotocantinense.com.br\/index.php?rest_route=\/wp\/v2\/posts\/2523\/revisions\/2526"}],"wp:featuredmedia":[{"embeddable":true,"href":"https:\/\/focotocantinense.com.br\/index.php?rest_route=\/wp\/v2\/media\/2524"}],"wp:attachment":[{"href":"https:\/\/focotocantinense.com.br\/index.php?rest_route=%2Fwp%2Fv2%2Fmedia&parent=2523"}],"wp:term":[{"taxonomy":"category","embeddable":true,"href":"https:\/\/focotocantinense.com.br\/index.php?rest_route=%2Fwp%2Fv2%2Fcategories&post=2523"},{"taxonomy":"post_tag","embeddable":true,"href":"https:\/\/focotocantinense.com.br\/index.php?rest_route=%2Fwp%2Fv2%2Ftags&post=2523"}],"curies":[{"name":"wp","href":"https:\/\/api.w.org\/{rel}","templated":true}]}}