{"id":2519,"date":"2022-04-19T20:50:45","date_gmt":"2022-04-19T23:50:45","guid":{"rendered":"https:\/\/focotocantinense.com.br\/?p=2519"},"modified":"2022-04-19T20:51:47","modified_gmt":"2022-04-19T23:51:47","slug":"governo-do-tocantins-decreta-ponto-facultativo-na-proxima-sexta-feira-22-em-razao-do-feriado-de-tiradentes","status":"publish","type":"post","link":"https:\/\/focotocantinense.com.br\/?p=2519","title":{"rendered":"Governo do Tocantins decreta ponto facultativo na pr\u00f3xima sexta-feira, 22, em raz\u00e3o do Feriado de Tiradentes"},"content":{"rendered":"\n<p>O governador do Tocantins, Wanderlei Barbosa, decretou ponto facultativo nas reparti\u00e7\u00f5es p\u00fablicas estaduais na pr\u00f3xima sexta-feira, 22, em raz\u00e3o do Feriado de Tiradentes, celebrado nesta quinta-feira, 21 de abril. O Decreto n\u00b0 6.438 foi publicado no Di\u00e1rio Oficial do Estado (DOE), edi\u00e7\u00e3o desta segunda-feira, 18.<\/p>\n\n\n\n<p>O ponto facultativo n\u00e3o se aplica aos servi\u00e7os essenciais como sa\u00fade e seguran\u00e7a que j\u00e1 atuam em car\u00e1ter de plant\u00e3o.<\/p>\n\n\n\n<p>Vale ressaltar que nesta ter\u00e7a-feira, 19, e quarta-feira, 20, o expediente nas reparti\u00e7\u00f5es p\u00fablicas estaduais ocorre dentro da normalidade. Portanto, somente na quinta e na sexta-feira, 21 e 22, n\u00e3o haver\u00e1 expediente. As reparti\u00e7\u00f5es p\u00fablicas voltar\u00e3o a funcionar normalmente na pr\u00f3xima segunda-feira, 25.<\/p>\n\n\n\n<p>O dia 21 de abril se tornou feriado nacional em 1890, logo ap\u00f3s a Proclama\u00e7\u00e3o da Rep\u00fablica. O movimento republicano elegeu Tiradentes como m\u00e1rtir c\u00edvico-religioso e antimonarquista, tornando-o um her\u00f3i nacional<\/p>\n","protected":false},"excerpt":{"rendered":"<p>O governador do Tocantins, Wanderlei Barbosa, decretou ponto facultativo nas reparti\u00e7\u00f5es p\u00fablicas estaduais na pr\u00f3xima sexta-feira, 22, em raz\u00e3o do Feriado de Tiradentes, celebrado nesta quinta-feira, 21 de abril. O Decreto n\u00b0 6.438 foi publicado no Di\u00e1rio Oficial do Estado (DOE), edi\u00e7\u00e3o desta segunda-feira, 18. O ponto facultativo n\u00e3o se aplica aos servi\u00e7os essenciais como &hellip;<\/p>\n","protected":false},"author":5,"featured_media":2521,"comment_status":"open","ping_status":"open","sticky":false,"template":"","format":"standard","meta":{"footnotes":""},"categories":[39,1],"tags":[],"class_list":["post-2519","post","type-post","status-publish","format-standard","has-post-thumbnail","","category-estado","category-sem-categoria"],"_links":{"self":[{"href":"https:\/\/focotocantinense.com.br\/index.php?rest_route=\/wp\/v2\/posts\/2519","targetHints":{"allow":["GET"]}}],"collection":[{"href":"https:\/\/focotocantinense.com.br\/index.php?rest_route=\/wp\/v2\/posts"}],"about":[{"href":"https:\/\/focotocantinense.com.br\/index.php?rest_route=\/wp\/v2\/types\/post"}],"author":[{"embeddable":true,"href":"https:\/\/focotocantinense.com.br\/index.php?rest_route=\/wp\/v2\/users\/5"}],"replies":[{"embeddable":true,"href":"https:\/\/focotocantinense.com.br\/index.php?rest_route=%2Fwp%2Fv2%2Fcomments&post=2519"}],"version-history":[{"count":1,"href":"https:\/\/focotocantinense.com.br\/index.php?rest_route=\/wp\/v2\/posts\/2519\/revisions"}],"predecessor-version":[{"id":2520,"href":"https:\/\/focotocantinense.com.br\/index.php?rest_route=\/wp\/v2\/posts\/2519\/revisions\/2520"}],"wp:featuredmedia":[{"embeddable":true,"href":"https:\/\/focotocantinense.com.br\/index.php?rest_route=\/wp\/v2\/media\/2521"}],"wp:attachment":[{"href":"https:\/\/focotocantinense.com.br\/index.php?rest_route=%2Fwp%2Fv2%2Fmedia&parent=2519"}],"wp:term":[{"taxonomy":"category","embeddable":true,"href":"https:\/\/focotocantinense.com.br\/index.php?rest_route=%2Fwp%2Fv2%2Fcategories&post=2519"},{"taxonomy":"post_tag","embeddable":true,"href":"https:\/\/focotocantinense.com.br\/index.php?rest_route=%2Fwp%2Fv2%2Ftags&post=2519"}],"curies":[{"name":"wp","href":"https:\/\/api.w.org\/{rel}","templated":true}]}}