{"id":2515,"date":"2022-04-19T20:46:16","date_gmt":"2022-04-19T23:46:16","guid":{"rendered":"https:\/\/focotocantinense.com.br\/?p=2515"},"modified":"2022-04-19T20:49:41","modified_gmt":"2022-04-19T23:49:41","slug":"em-aldeia-xerente-antonio-andrade-defende-esporte-para-indigenas","status":"publish","type":"post","link":"https:\/\/focotocantinense.com.br\/?p=2515","title":{"rendered":"Em aldeia Xerente, Antonio Andrade defende esporte para ind\u00edgenas"},"content":{"rendered":"\n<p>Ao lado do governador Wanderlei Barbosa (Republicanos) e de outros deputados, o presidente da Assembleia Legislativa, Antonio Andrade (Republicanos), visitou nesta ter\u00e7a-feira, 19, a aldeia Xerente Salto Kripre, em Tocant\u00ednia. Na localidade, ele defendeu a cria\u00e7\u00e3o de espa\u00e7os adequados \u2013 como quadras e campos de futebol \u2013 para pr\u00e1ticas esportivas dos povos ind\u00edgenas.<\/p>\n\n\n\n<p>\u201cEu ouvi aqui sobre as dificuldades em rela\u00e7\u00e3o ao esporte. Vamos levar essa bandeira para a Assembleia. O esporte \u00e9 fundamental, sobretudo para os jovens\u201d, defendeu, se comprometendo tamb\u00e9m a lutar pela melhoria das estradas vicinais que d\u00e3o acesso \u00e0 Salto e a outras aldeias do munic\u00edpio.<\/p>\n\n\n\n<p>A declara\u00e7\u00e3o, dada durante as festividades pelo Dia do \u00cdndio, foi ao encontro de uma das principais reivindica\u00e7\u00f5es da comunidade: um campo de futebol gramado, como explica o l\u00edder da comunidade, cacique Vanderlei Simripte, que defendeu tamb\u00e9m melhorias da educa\u00e7\u00e3o e sa\u00fade local. \u201cEntendemos que \u201cdia do \u00cdndio\u201d s\u00e3o todos os dias, mas o 19 de abril \u00e9 uma ocasi\u00e3o de refletir sobre a exist\u00eancia e a resist\u00eancia dos povos ind\u00edgenas\u201d, disse.<\/p>\n\n\n\n<p><strong>Compromisso<\/strong><\/p>\n\n\n\n<p>Em seu discurso, Wanderlei Barbosa garantiu que vai determinar \u00e0 Secretaria de Estado do Esporte que tome as provid\u00eancias necess\u00e1rias para que o campo de futebol da comunidade seja gramado. Afirmou tamb\u00e9m que as demandas em rela\u00e7\u00e3o \u00e0 melhoria da escola local sejam atendidas. Sobre o posto de sa\u00fade, o governador lembrou que a sa\u00fade Ind\u00edgena \u00e9 responsabilidade da Uni\u00e3o, mas far\u00e1 gest\u00e3o junto aos \u00f3rg\u00e3os competentes.<\/p>\n\n\n\n<figure class=\"wp-block-image\"><img decoding=\"async\" src=\"https:\/\/www.al.to.leg.br\/imagens\/mini\/1130x755\/e396c5d56a3282d44d77cfbba071c679.jpeg\" alt=\"Declara\u00e7\u00e3o aconteceu em visita \u00e0 aldeia Salto Kripre, em Tocant\u00ednia\"\/><\/figure>\n","protected":false},"excerpt":{"rendered":"<p>Ao lado do governador Wanderlei Barbosa (Republicanos) e de outros deputados, o presidente da Assembleia Legislativa, Antonio Andrade (Republicanos), visitou nesta ter\u00e7a-feira, 19, a aldeia Xerente Salto Kripre, em Tocant\u00ednia. Na localidade, ele defendeu a cria\u00e7\u00e3o de espa\u00e7os adequados \u2013 como quadras e campos de futebol \u2013 para pr\u00e1ticas esportivas dos povos ind\u00edgenas. \u201cEu ouvi &hellip;<\/p>\n","protected":false},"author":5,"featured_media":2518,"comment_status":"open","ping_status":"open","sticky":false,"template":"","format":"standard","meta":{"footnotes":""},"categories":[40,1],"tags":[],"class_list":["post-2515","post","type-post","status-publish","format-standard","has-post-thumbnail","","category-politica","category-sem-categoria"],"_links":{"self":[{"href":"https:\/\/focotocantinense.com.br\/index.php?rest_route=\/wp\/v2\/posts\/2515","targetHints":{"allow":["GET"]}}],"collection":[{"href":"https:\/\/focotocantinense.com.br\/index.php?rest_route=\/wp\/v2\/posts"}],"about":[{"href":"https:\/\/focotocantinense.com.br\/index.php?rest_route=\/wp\/v2\/types\/post"}],"author":[{"embeddable":true,"href":"https:\/\/focotocantinense.com.br\/index.php?rest_route=\/wp\/v2\/users\/5"}],"replies":[{"embeddable":true,"href":"https:\/\/focotocantinense.com.br\/index.php?rest_route=%2Fwp%2Fv2%2Fcomments&post=2515"}],"version-history":[{"count":1,"href":"https:\/\/focotocantinense.com.br\/index.php?rest_route=\/wp\/v2\/posts\/2515\/revisions"}],"predecessor-version":[{"id":2516,"href":"https:\/\/focotocantinense.com.br\/index.php?rest_route=\/wp\/v2\/posts\/2515\/revisions\/2516"}],"wp:featuredmedia":[{"embeddable":true,"href":"https:\/\/focotocantinense.com.br\/index.php?rest_route=\/wp\/v2\/media\/2518"}],"wp:attachment":[{"href":"https:\/\/focotocantinense.com.br\/index.php?rest_route=%2Fwp%2Fv2%2Fmedia&parent=2515"}],"wp:term":[{"taxonomy":"category","embeddable":true,"href":"https:\/\/focotocantinense.com.br\/index.php?rest_route=%2Fwp%2Fv2%2Fcategories&post=2515"},{"taxonomy":"post_tag","embeddable":true,"href":"https:\/\/focotocantinense.com.br\/index.php?rest_route=%2Fwp%2Fv2%2Ftags&post=2515"}],"curies":[{"name":"wp","href":"https:\/\/api.w.org\/{rel}","templated":true}]}}