{"id":2507,"date":"2022-04-19T20:30:37","date_gmt":"2022-04-19T23:30:37","guid":{"rendered":"https:\/\/focotocantinense.com.br\/?p=2507"},"modified":"2022-04-19T20:40:39","modified_gmt":"2022-04-19T23:40:39","slug":"em-visita-a-aldeias-xerente-governador-wanderlei-barbosa-firma-compromissos-com-povos-indigenas","status":"publish","type":"post","link":"https:\/\/focotocantinense.com.br\/?p=2507","title":{"rendered":"Em visita a aldeias Xerente, governador Wanderlei Barbosa firma compromissos com povos ind\u00edgenas"},"content":{"rendered":"\n<p>Em comemora\u00e7\u00e3o ao&nbsp;<em>Dia do \u00cdndio<\/em>, celebrado em todo Brasil nesta ter\u00e7a-feira, 19 de abril, o governador do Tocantins, Wanderlei Barbosa, participou de festividades na aldeia Xerente Salto Kripre, localizada na \u00e1rea rural do munic\u00edpio de Tocant\u00ednia. O Governador foi recepcionado por centenas de ind\u00edgenas, que em cortejo com c\u00e2nticos nativos, iniciaram a cerim\u00f4nia tradicional Xerente em comemora\u00e7\u00e3o \u00e0 data.&nbsp;<\/p>\n\n\n\n<p>\u201cTemos muita satisfa\u00e7\u00e3o em comemorar essa data, mas sabemos que, em todos os dias, devemos comemorar o&nbsp;<em>Dia do \u00cdndio<\/em>, esse simbolismo da cultura ind\u00edgena, para n\u00f3s, \u00e9 important\u00edssimo\u201d, afirmou Wanderlei Barbosa.&nbsp;<\/p>\n\n\n\n<p>A aldeia Salto Kripre existe h\u00e1 cerca de 30 anos e \u00e9 liderada pelo cacique Vanderlei Simripte Xerente, tem atualmente 115 fam\u00edlias e, aproximadamente, 500 ind\u00edgenas entre crian\u00e7as e anci\u00f5es. O cacique ressalta a import\u00e2ncia da aten\u00e7\u00e3o das autoridades com os povos origin\u00e1rios. \u201cA nossa comunidade precisa ter essa aten\u00e7\u00e3o, \u00e9 muito necess\u00e1rio para refor\u00e7ar e fortalecer as nossas ra\u00edzes, a nossa cultura\u201d, ressaltou o cacique.<\/p>\n\n\n\n<p>Na oportunidade, o Governador conheceu a estrutura do local e pode acompanhar alguns pontos da comunidade, entre eles, a Escola Estadual Ind\u00edgena Waikarn\u00e3se, unidade educacional que o Chefe do Executivo garantiu buscar melhorias por meio da Secretaria de Estado da Educa\u00e7\u00e3o. \u201cN\u00f3s temos que dar qualidade para a nossa educa\u00e7\u00e3o ind\u00edgena. Eu j\u00e1 vou levar essa demanda \u00e0 Secretaria de Estado da Educa\u00e7\u00e3o, para que possamos fazer uma reforma r\u00e1pida na escola da aldeia\u201d, garantiu.<\/p>\n\n\n\n<p>O Governador tamb\u00e9m assegurou a reforma do campo de futebol da aldeia, construindo uma estrutura gramada com alambrado para fomentar a pr\u00e1tica esportiva na aldeia. \u201cSabemos que muitos talentos s\u00e3o revelados nas aldeias e que est\u00e3o atuando em times de futebol de renome. O lazer e o esporte s\u00e3o importantes para a comunidade, esta \u00e9 uma obra poss\u00edvel e \u00e9 meu compromisso gramar esse campo\u201d, garantiu.&nbsp;<\/p>\n\n\n\n<p><strong>Xerente Porteira<\/strong><\/p>\n\n\n\n<p>Em visita \u00e0 aldeia Xerente Porteira, o Governador participou da inaugura\u00e7\u00e3o da Casa de Cultura Ind\u00edgena S\u00f4z\u00ea, juntamente com representantes do Poder Judici\u00e1rio, da Funda\u00e7\u00e3o Nacional do \u00cdndio (Funai) e do Instituto Natureza do Tocantins (Naturatins). Em um discurso muito emocionado, o cacique da aldeia, Devani Xerente, falou da import\u00e2ncia do Centro de Cultura, principalmente por perpetuar o legado dos anci\u00f5es. \u201cPe\u00e7o aten\u00e7\u00e3o para fortalecermos os nossos anci\u00f5es, que lutaram pelo nosso povo. Eu agrade\u00e7o pela presen\u00e7a das autoridades neste dia, mas refor\u00e7o que o dia do \u00edndio \u00e9 todo dia\u201d, destacou.<\/p>\n\n\n\n<p>A ind\u00edgena Eliete Xerente, tamb\u00e9m muito emocionada, destacou a import\u00e2ncia do momento, em especial a aten\u00e7\u00e3o do poder p\u00fablico com os povos ind\u00edgenas. \u201cN\u00f3s estamos aqui hoje, para voc\u00eas levarem a mensagem, para voc\u00eas darem retorno para n\u00f3s, que n\u00e3o \u00e9 para mim, n\u00e3o \u00e9 para o presidente da associa\u00e7\u00e3o, \u00e9 para o nosso povo\u201d, afirmou.&nbsp;<\/p>\n\n\n\n<p>A jovem ind\u00edgena Narubia Werreria aproveitou a presen\u00e7a do Governador para refor\u00e7ar o compromisso e a aten\u00e7\u00e3o para fortificar a arte e a cultura ind\u00edgena. \u201cO \u00faltimo governador que nos visitou foi o Siqueira Campos. Agrade\u00e7o ao governador Wanderlei pela aten\u00e7\u00e3o e quero pedir para que o senhor invista em pol\u00edticas para os povos ind\u00edgenas, em especial a nossa cultura. O xerente tem uma cultura rica, pr\u00f3xima de Palmas, o mundo quer conhecer os povos ind\u00edgenas e n\u00e3o conhece\u201d, comentou.<\/p>\n\n\n\n<p>Ideia que o Governador fez quest\u00e3o de discutir e compreender, haja vista a potencialidade cultural dos povos origin\u00e1rios, que, al\u00e9m de fomentar cultura local, a mant\u00e9m viva e presente no contexto estadual. \u201cEu estou h\u00e1 poucos meses efetivado, mas \u00e9 importante ouvirmos os jovens para entender e receber as sugest\u00f5es. \u00c9 um assunto que discutiremos e vamos cham\u00e1-los para construirmos, juntos, a representa\u00e7\u00e3o ind\u00edgena forte no Governo\u201d, afirmou Wanderlei Barbosa.&nbsp;<\/p>\n\n\n\n<p>Acompanhavam o Governador nas visitas \u00e0s aldeias, o presidente da Assembleia Legislativa, Antonio Andrade; os deputados estaduais Vilmar Oliveira, Valdemar J\u00fanior e Vanda Monteiro; o secret\u00e1rio-chefe da Casa Militar, coronel Barbosa; o prefeito de Tocant\u00ednia, Manoel Silvino, e seu vice Jo\u00e3o Alberto; e vereadores da cidade.<\/p>\n\n\n\n<p><img decoding=\"async\" src=\"https:\/\/central.to.gov.br\/image\/288013?w=670&amp;h=383\"><\/p>\n\n\n\n<p><em><strong>Em visita \u00e0 aldeia Xerente Porteira, o Governador participou da inaugura\u00e7\u00e3o da Casa de Cultura Ind\u00edgena S\u00f4z\u00ea &#8211;&nbsp; Foto: Antonio Gon\u00e7alves\/Governo do Tocantins<\/strong><\/em><img decoding=\"async\" src=\"https:\/\/central.to.gov.br\/image\/288012?w=670&amp;h=383\"><\/p>\n\n\n\n<p><strong>Acompanhavam o Governador o presidente da Assembleia Legislativa, Antonio Andrade; deputados estaduais; secret\u00e1rios de Estado, prefeito, e vereadores &#8211; Foto: Antonio Gon\u00e7alves\/Governo do Tocantins<\/strong><\/p>\n","protected":false},"excerpt":{"rendered":"<p>Em comemora\u00e7\u00e3o ao&nbsp;Dia do \u00cdndio, celebrado em todo Brasil nesta ter\u00e7a-feira, 19 de abril, o governador do Tocantins, Wanderlei Barbosa, participou de festividades na aldeia Xerente Salto Kripre, localizada na \u00e1rea rural do munic\u00edpio de Tocant\u00ednia. O Governador foi recepcionado por centenas de ind\u00edgenas, que em cortejo com c\u00e2nticos nativos, iniciaram a cerim\u00f4nia tradicional Xerente &hellip;<\/p>\n","protected":false},"author":5,"featured_media":2512,"comment_status":"open","ping_status":"open","sticky":false,"template":"","format":"standard","meta":{"footnotes":""},"categories":[39,40,1],"tags":[],"class_list":["post-2507","post","type-post","status-publish","format-standard","has-post-thumbnail","","category-estado","category-politica","category-sem-categoria"],"_links":{"self":[{"href":"https:\/\/focotocantinense.com.br\/index.php?rest_route=\/wp\/v2\/posts\/2507","targetHints":{"allow":["GET"]}}],"collection":[{"href":"https:\/\/focotocantinense.com.br\/index.php?rest_route=\/wp\/v2\/posts"}],"about":[{"href":"https:\/\/focotocantinense.com.br\/index.php?rest_route=\/wp\/v2\/types\/post"}],"author":[{"embeddable":true,"href":"https:\/\/focotocantinense.com.br\/index.php?rest_route=\/wp\/v2\/users\/5"}],"replies":[{"embeddable":true,"href":"https:\/\/focotocantinense.com.br\/index.php?rest_route=%2Fwp%2Fv2%2Fcomments&post=2507"}],"version-history":[{"count":4,"href":"https:\/\/focotocantinense.com.br\/index.php?rest_route=\/wp\/v2\/posts\/2507\/revisions"}],"predecessor-version":[{"id":2513,"href":"https:\/\/focotocantinense.com.br\/index.php?rest_route=\/wp\/v2\/posts\/2507\/revisions\/2513"}],"wp:featuredmedia":[{"embeddable":true,"href":"https:\/\/focotocantinense.com.br\/index.php?rest_route=\/wp\/v2\/media\/2512"}],"wp:attachment":[{"href":"https:\/\/focotocantinense.com.br\/index.php?rest_route=%2Fwp%2Fv2%2Fmedia&parent=2507"}],"wp:term":[{"taxonomy":"category","embeddable":true,"href":"https:\/\/focotocantinense.com.br\/index.php?rest_route=%2Fwp%2Fv2%2Fcategories&post=2507"},{"taxonomy":"post_tag","embeddable":true,"href":"https:\/\/focotocantinense.com.br\/index.php?rest_route=%2Fwp%2Fv2%2Ftags&post=2507"}],"curies":[{"name":"wp","href":"https:\/\/api.w.org\/{rel}","templated":true}]}}