{"id":2503,"date":"2022-04-19T20:02:32","date_gmt":"2022-04-19T23:02:32","guid":{"rendered":"https:\/\/focotocantinense.com.br\/?p=2503"},"modified":"2022-04-19T20:04:40","modified_gmt":"2022-04-19T23:04:40","slug":"alunos-participam-da-comemoracao-do-dia-do-indio-na-aldeia-xerente-salto-em-tocantinia","status":"publish","type":"post","link":"https:\/\/focotocantinense.com.br\/?p=2503","title":{"rendered":"Alunos participam da comemora\u00e7\u00e3o do Dia do \u00cdndio na Aldeia Xerente Salto, em Tocant\u00ednia"},"content":{"rendered":"\n<p><strong>Por Leontina Martins&nbsp;<\/strong><\/p>\n\n\n\n<p>Na manh\u00e3 desta ter\u00e7a-feira (19), um grupo de alunos da Escola Municipal de Tempo Integral Ant\u00f4nio Benvindo da Luz, participou da programa\u00e7\u00e3o festiva ao Dia do \u00cdndio. O evento aconteceu na Aldeia Xerente Salto Kripre, em Tocant\u00ednia.<\/p>\n\n\n\n<p>A festividade tamb\u00e9m contou com a presen\u00e7a ilustre do governador Wanderlei Barbosa, do presidente da Assembleia Legislativa, Antonio Andrade (Republicanos), al\u00e9m dos deputados estaduais Vilmar do Detran (Solidariedade), Valdemar Junior (Republicanos) e Vanda Monteiro (Uni\u00e3o Brasil), bem como, do prefeito Manoel Silvino, o vice, Jo\u00e3o Alberto, vereadores e outras autoridades.<\/p>\n\n\n\n<p>Na oportunidade, um grupo de alunos da Escola Municipal de Tempo Integral Ant\u00f4nio Benvindo da Luz, acompanhados pela gestora escolar, Simone de Jesus Silva, e uma parte da equipe escolar, estiveram presentes na Aldeia, onde interagiram com a comunidade local.<\/p>\n\n\n\n<p><br><strong>Compromisso<\/strong><br>Em seu discurso, o governador Wanderlei Barbosa garantiu que vai determinar \u00e0 Secretaria de Estado do Esporte que tome as provid\u00eancias necess\u00e1rias para que o campo de futebol da comunidade seja gramado. Afirmou tamb\u00e9m que as demandas em rela\u00e7\u00e3o \u00e0 melhoria da escola local sejam atendidas. Sobre o posto de sa\u00fade, o governador lembrou que a sa\u00fade Ind\u00edgena \u00e9 responsabilidade da Uni\u00e3o, mas far\u00e1 gest\u00e3o junto aos \u00f3rg\u00e3os competentes.<\/p>\n\n\n\n<p><strong>Momento gratificante<\/strong><br>De acordo com a gestora escolar Simone de Jesus Silva, o evento proporcionou um momento gratificante para os alunos do munic\u00edpio, que vivenciaram experi\u00eancias novas e, principalmente, viveram a experi\u00eancia da cultura Xerente. \u201cNa visita, os alunos puderam fazer pinturas corporais, acompanharam a dan\u00e7a da Sucuri, e a disputa de arco e flecha\u201d, informou a gestora<\/p>\n\n\n\n<p>A aluna Yasmim Suiti de Souza Xerente, que cursa o terceiro ano na Escola Municipal de Tempo Integral Ant\u00f4nio Benvindo da Luz, disse que estava muito feliz em retornar \u00e0 Aldeia e visitar os parentes.<\/p>\n\n\n\n<p>Seus colegas de aula, Artur Kaique Souza Pinheiro, Samara Wakedi Xerente e Laura Sofia Wareti Xerente, tamb\u00e9m estavam bastante animados em participar dessa programa\u00e7\u00e3o festiva, juntamente com a turma do quinto ano. \u201cTodos ficaram maravilhados com o que viram e, certamente, v\u00e3o guardar belas recorda\u00e7\u00f5es na mem\u00f3ria\u201d, afirmou o professor Genivaldo Rodrigues Trindade.<\/p>\n\n\n\n<figure class=\"wp-block-image\"><img decoding=\"async\" src=\"http:\/\/n1to.com.br\/img\/uploads\/kkk.jpg\" alt=\"\"\/><\/figure>\n\n\n\n<figure class=\"wp-block-image\"><img decoding=\"async\" src=\"http:\/\/n1to.com.br\/img\/uploads\/bbbb_10.jpg\" alt=\"\"\/><\/figure>\n\n\n\n<figure class=\"wp-block-image\"><img decoding=\"async\" src=\"http:\/\/n1to.com.br\/img\/uploads\/dddd_5.jpg\" alt=\"\"\/><\/figure>\n\n\n\n<figure class=\"wp-block-image\"><img decoding=\"async\" src=\"http:\/\/n1to.com.br\/img\/uploads\/fff_1.jpg\" alt=\"\"\/><\/figure>\n\n\n\n<figure class=\"wp-block-image\"><img decoding=\"async\" src=\"http:\/\/n1to.com.br\/img\/uploads\/ggg_1.jpg\" alt=\"\"\/><\/figure>\n","protected":false},"excerpt":{"rendered":"<p>Por Leontina Martins&nbsp; Na manh\u00e3 desta ter\u00e7a-feira (19), um grupo de alunos da Escola Municipal de Tempo Integral Ant\u00f4nio Benvindo da Luz, participou da programa\u00e7\u00e3o festiva ao Dia do \u00cdndio. O evento aconteceu na Aldeia Xerente Salto Kripre, em Tocant\u00ednia. A festividade tamb\u00e9m contou com a presen\u00e7a ilustre do governador Wanderlei Barbosa, do presidente da &hellip;<\/p>\n","protected":false},"author":5,"featured_media":2505,"comment_status":"open","ping_status":"open","sticky":false,"template":"","format":"standard","meta":{"footnotes":""},"categories":[1],"tags":[],"class_list":["post-2503","post","type-post","status-publish","format-standard","has-post-thumbnail","","category-sem-categoria"],"_links":{"self":[{"href":"https:\/\/focotocantinense.com.br\/index.php?rest_route=\/wp\/v2\/posts\/2503","targetHints":{"allow":["GET"]}}],"collection":[{"href":"https:\/\/focotocantinense.com.br\/index.php?rest_route=\/wp\/v2\/posts"}],"about":[{"href":"https:\/\/focotocantinense.com.br\/index.php?rest_route=\/wp\/v2\/types\/post"}],"author":[{"embeddable":true,"href":"https:\/\/focotocantinense.com.br\/index.php?rest_route=\/wp\/v2\/users\/5"}],"replies":[{"embeddable":true,"href":"https:\/\/focotocantinense.com.br\/index.php?rest_route=%2Fwp%2Fv2%2Fcomments&post=2503"}],"version-history":[{"count":2,"href":"https:\/\/focotocantinense.com.br\/index.php?rest_route=\/wp\/v2\/posts\/2503\/revisions"}],"predecessor-version":[{"id":2506,"href":"https:\/\/focotocantinense.com.br\/index.php?rest_route=\/wp\/v2\/posts\/2503\/revisions\/2506"}],"wp:featuredmedia":[{"embeddable":true,"href":"https:\/\/focotocantinense.com.br\/index.php?rest_route=\/wp\/v2\/media\/2505"}],"wp:attachment":[{"href":"https:\/\/focotocantinense.com.br\/index.php?rest_route=%2Fwp%2Fv2%2Fmedia&parent=2503"}],"wp:term":[{"taxonomy":"category","embeddable":true,"href":"https:\/\/focotocantinense.com.br\/index.php?rest_route=%2Fwp%2Fv2%2Fcategories&post=2503"},{"taxonomy":"post_tag","embeddable":true,"href":"https:\/\/focotocantinense.com.br\/index.php?rest_route=%2Fwp%2Fv2%2Ftags&post=2503"}],"curies":[{"name":"wp","href":"https:\/\/api.w.org\/{rel}","templated":true}]}}