{"id":2495,"date":"2022-04-18T20:22:42","date_gmt":"2022-04-18T23:22:42","guid":{"rendered":"https:\/\/focotocantinense.com.br\/?p=2495"},"modified":"2022-04-18T20:24:30","modified_gmt":"2022-04-18T23:24:30","slug":"acito-realiza-o-sorteio-do-show-de-premios-em-tocantinia","status":"publish","type":"post","link":"https:\/\/focotocantinense.com.br\/?p=2495","title":{"rendered":"ACITO realiza o sorteio do Show de Pr\u00eamios em Tocant\u00ednia"},"content":{"rendered":"\n<figure class=\"wp-block-image size-large is-resized\"><img loading=\"lazy\" decoding=\"async\" src=\"https:\/\/focotocantinense.com.br\/wp-content\/uploads\/2022\/04\/1111111111-1024x541.jpg\" alt=\"\" class=\"wp-image-2497\" width=\"358\" height=\"188\" srcset=\"https:\/\/focotocantinense.com.br\/wp-content\/uploads\/2022\/04\/1111111111-1024x541.jpg 1024w, https:\/\/focotocantinense.com.br\/wp-content\/uploads\/2022\/04\/1111111111-300x159.jpg 300w, https:\/\/focotocantinense.com.br\/wp-content\/uploads\/2022\/04\/1111111111-768x406.jpg 768w, https:\/\/focotocantinense.com.br\/wp-content\/uploads\/2022\/04\/1111111111.jpg 1041w\" sizes=\"auto, (max-width: 358px) 100vw, 358px\" \/><figcaption>A Federa\u00e7\u00e3o das Associa\u00e7\u00f5es Comerciais e Industriais do Estado do Tocantins &#8211; FACIET, por meio da Associa\u00e7\u00e3o Comercial e Industrial de Tocant\u00ednia &#8211; ACITO com apoio da prefeitura de Tocant\u00ednia, realizou neste s\u00e1bado (16), o sorteio do Show de Pr\u00eamios com transmiss\u00e3o ao vivo no canal do youtube para a popula\u00e7\u00e3o de Tocant\u00ednia.<br>&nbsp;<br>Foram sorteadas 4 TV LED 32&#8243;, 12 bicicletas, uma moto Factor 150 cc 0km da Yamaha e um pacote de viagem ao Jalap\u00e3o para os comerciantes local. Al\u00e9m de v\u00e1rios pr\u00eamios surpresas sorteados pelos comerciantes que aderiu a campanha Natal Premiado.<br>&nbsp;<br>O pr\u00eamio destaque foi a moto que causou muita expectativa aos populares que participaram do sorteio, atrav\u00e9s dos cupons que depositaram nas urnas dos estabelecimentos comerciais onde realizaram suas compras. E a ganhadora do pr\u00eamio mais cobi\u00e7ado foi a Jana\u00edna Lopes de Oliveira que recebeu nesta segunda-feira (18), as chaves das m\u00e3os do presidente da ACITO Lusimar de Souza.<\/figcaption><\/figure>\n\n\n\n<figure class=\"wp-block-image size-full\"><img loading=\"lazy\" decoding=\"async\" width=\"845\" height=\"536\" src=\"https:\/\/focotocantinense.com.br\/wp-content\/uploads\/2022\/04\/zzzz.jpg\" alt=\"\" class=\"wp-image-2501\" srcset=\"https:\/\/focotocantinense.com.br\/wp-content\/uploads\/2022\/04\/zzzz.jpg 845w, https:\/\/focotocantinense.com.br\/wp-content\/uploads\/2022\/04\/zzzz-300x190.jpg 300w, https:\/\/focotocantinense.com.br\/wp-content\/uploads\/2022\/04\/zzzz-768x487.jpg 768w\" sizes=\"auto, (max-width: 845px) 100vw, 845px\" \/><\/figure>\n","protected":false},"excerpt":{"rendered":"<p>A Federa\u00e7\u00e3o das Associa\u00e7\u00f5es Comerciais e Industriais do Estado do Tocantins &#8211; FACIET, por meio da Associa\u00e7\u00e3o Comercial e Industrial de Tocant\u00ednia &#8211; ACITO com apoio da prefeitura de Tocant\u00ednia, realizou neste s\u00e1bado (16), o sorteio do Show de Pr\u00eamios com transmiss\u00e3o ao vivo no canal do youtube para a popula\u00e7\u00e3o de Tocant\u00ednia.&nbsp;Foram sorteadas 4 &hellip;<\/p>\n","protected":false},"author":5,"featured_media":2497,"comment_status":"open","ping_status":"open","sticky":false,"template":"","format":"standard","meta":{"footnotes":""},"categories":[1],"tags":[],"class_list":["post-2495","post","type-post","status-publish","format-standard","has-post-thumbnail","","category-sem-categoria"],"_links":{"self":[{"href":"https:\/\/focotocantinense.com.br\/index.php?rest_route=\/wp\/v2\/posts\/2495","targetHints":{"allow":["GET"]}}],"collection":[{"href":"https:\/\/focotocantinense.com.br\/index.php?rest_route=\/wp\/v2\/posts"}],"about":[{"href":"https:\/\/focotocantinense.com.br\/index.php?rest_route=\/wp\/v2\/types\/post"}],"author":[{"embeddable":true,"href":"https:\/\/focotocantinense.com.br\/index.php?rest_route=\/wp\/v2\/users\/5"}],"replies":[{"embeddable":true,"href":"https:\/\/focotocantinense.com.br\/index.php?rest_route=%2Fwp%2Fv2%2Fcomments&post=2495"}],"version-history":[{"count":5,"href":"https:\/\/focotocantinense.com.br\/index.php?rest_route=\/wp\/v2\/posts\/2495\/revisions"}],"predecessor-version":[{"id":2502,"href":"https:\/\/focotocantinense.com.br\/index.php?rest_route=\/wp\/v2\/posts\/2495\/revisions\/2502"}],"wp:featuredmedia":[{"embeddable":true,"href":"https:\/\/focotocantinense.com.br\/index.php?rest_route=\/wp\/v2\/media\/2497"}],"wp:attachment":[{"href":"https:\/\/focotocantinense.com.br\/index.php?rest_route=%2Fwp%2Fv2%2Fmedia&parent=2495"}],"wp:term":[{"taxonomy":"category","embeddable":true,"href":"https:\/\/focotocantinense.com.br\/index.php?rest_route=%2Fwp%2Fv2%2Fcategories&post=2495"},{"taxonomy":"post_tag","embeddable":true,"href":"https:\/\/focotocantinense.com.br\/index.php?rest_route=%2Fwp%2Fv2%2Ftags&post=2495"}],"curies":[{"name":"wp","href":"https:\/\/api.w.org\/{rel}","templated":true}]}}