{"id":2491,"date":"2022-04-18T18:34:14","date_gmt":"2022-04-18T21:34:14","guid":{"rendered":"https:\/\/focotocantinense.com.br\/?p=2491"},"modified":"2022-04-18T18:35:30","modified_gmt":"2022-04-18T21:35:30","slug":"antonio-andrade-entrega-ambulancias-para-os-distritos-de-bom-jesus-e-campo-alegre-em-parana","status":"publish","type":"post","link":"https:\/\/focotocantinense.com.br\/?p=2491","title":{"rendered":"Antonio Andrade entrega ambul\u00e2ncias para os distritos de Bom Jesus e Campo Alegre em Paran\u00e3"},"content":{"rendered":"\n<p>Neste final de semana, os distritos de Bom Jesus e Campo Alegre, no munic\u00edpio de Paran\u00e3, sudeste do Estado, receberam uma ambul\u00e2ncia cada um. Os ve\u00edculos foram adquiridos com recursos de emendas parlamentares, do presidente da Assembleia Legislativo do Tocantins (Aleto), deputado Antonio Andrade (Republicanos).<\/p>\n\n\n\n<p>As ambul\u00e2ncias foram entregues em parceria com o deputado Valdemar J\u00fanior (Republicanos) e atendem demandas das duas comunidades, que apesar de pr\u00f3ximas da cidade de Paran\u00e3, n\u00e3o possuem hospital para atender casos mais graves que venham a requerer, por exemplo, interna\u00e7\u00e3o.<\/p>\n\n\n\n<p>Os vereadores e o prefeito, F\u00e1bio Farm\u00e1cia, agradeceram a destina\u00e7\u00e3o dos ve\u00edculos, e ressaltaram que eles j\u00e1 est\u00e3o em uso, pois a demanda \u00e9 real e urgente.<\/p>\n\n\n\n<p>Durante a entrega em Bom Jesus, Andrade lembrou que este era um compromisso que ele tinha com a popula\u00e7\u00e3o de Paran\u00e3, ressaltou ainda que n\u00e3o \u00e9 favor nenhum e sim uma obriga\u00e7\u00e3o como homem p\u00fablico buscar atender as necessidades dos tocantinenses.<\/p>\n\n\n\n<p>\u201cA parceria do Legislativo com o Executivo Municipal \u00e9 importante para que possamos trazer os benef\u00edcios para nossa comunidade. Este \u00e9 s\u00f3 o in\u00edcio do nosso compromisso com Paran\u00e3, lembro que j\u00e1 trouxemos para o munic\u00edpio, o Col\u00e9gio Militar, o Ciretran e temos ainda uma outra emenda, no valor de R$ 100 mil, para constru\u00e7\u00e3o de um galp\u00e3o, no Campo Alegre, onde v\u00e3o ser realizadas feiras e eventos\u201d, disse o Presidente.<\/p>\n\n\n\n<p><strong>Presen\u00e7as<\/strong><\/p>\n\n\n\n<p>Estiveram presente no evento, al\u00e9m do deputado Antonio Andrade e sua esposa Virg\u00ednia Andrade, o deputado Valdemar J\u00fanior e sua esposa Virg\u00ednia Maia, o prefeito F\u00e1bio da Farm\u00e1cia, a primeira-dama D\u00e9borah Bessa, a vereadora Professora Nat\u00e9rcia Bezerra, os vereadores, Adeliar Teles de Farias (Bilisco), Carlinhos do Bom Jesus, Durvalino Ferreira, Dimas Guilherme, Augusto Chaveiro, entre outros l\u00edderes da regi\u00e3o.<\/p>\n\n\n\n<p><\/p>\n\n\n\n<figure class=\"wp-block-image\"><img decoding=\"async\" src=\"https:\/\/www.al.to.leg.br\/imagens\/mini\/1130x755\/d2bb702af1eaeb3757ec7ac6204b378e.jpg\" alt=\"Deputados Antonio Andrade e Valdemar J\u00fanior e o prefeito F\u00e1bio da Farm\u00e1cia\"\/><\/figure>\n","protected":false},"excerpt":{"rendered":"<p>Neste final de semana, os distritos de Bom Jesus e Campo Alegre, no munic\u00edpio de Paran\u00e3, sudeste do Estado, receberam uma ambul\u00e2ncia cada um. Os ve\u00edculos foram adquiridos com recursos de emendas parlamentares, do presidente da Assembleia Legislativo do Tocantins (Aleto), deputado Antonio Andrade (Republicanos). As ambul\u00e2ncias foram entregues em parceria com o deputado Valdemar &hellip;<\/p>\n","protected":false},"author":5,"featured_media":2493,"comment_status":"open","ping_status":"open","sticky":false,"template":"","format":"standard","meta":{"footnotes":""},"categories":[1],"tags":[],"class_list":["post-2491","post","type-post","status-publish","format-standard","has-post-thumbnail","","category-sem-categoria"],"_links":{"self":[{"href":"https:\/\/focotocantinense.com.br\/index.php?rest_route=\/wp\/v2\/posts\/2491","targetHints":{"allow":["GET"]}}],"collection":[{"href":"https:\/\/focotocantinense.com.br\/index.php?rest_route=\/wp\/v2\/posts"}],"about":[{"href":"https:\/\/focotocantinense.com.br\/index.php?rest_route=\/wp\/v2\/types\/post"}],"author":[{"embeddable":true,"href":"https:\/\/focotocantinense.com.br\/index.php?rest_route=\/wp\/v2\/users\/5"}],"replies":[{"embeddable":true,"href":"https:\/\/focotocantinense.com.br\/index.php?rest_route=%2Fwp%2Fv2%2Fcomments&post=2491"}],"version-history":[{"count":2,"href":"https:\/\/focotocantinense.com.br\/index.php?rest_route=\/wp\/v2\/posts\/2491\/revisions"}],"predecessor-version":[{"id":2494,"href":"https:\/\/focotocantinense.com.br\/index.php?rest_route=\/wp\/v2\/posts\/2491\/revisions\/2494"}],"wp:featuredmedia":[{"embeddable":true,"href":"https:\/\/focotocantinense.com.br\/index.php?rest_route=\/wp\/v2\/media\/2493"}],"wp:attachment":[{"href":"https:\/\/focotocantinense.com.br\/index.php?rest_route=%2Fwp%2Fv2%2Fmedia&parent=2491"}],"wp:term":[{"taxonomy":"category","embeddable":true,"href":"https:\/\/focotocantinense.com.br\/index.php?rest_route=%2Fwp%2Fv2%2Fcategories&post=2491"},{"taxonomy":"post_tag","embeddable":true,"href":"https:\/\/focotocantinense.com.br\/index.php?rest_route=%2Fwp%2Fv2%2Ftags&post=2491"}],"curies":[{"name":"wp","href":"https:\/\/api.w.org\/{rel}","templated":true}]}}