{"id":2474,"date":"2022-04-14T14:38:35","date_gmt":"2022-04-14T17:38:35","guid":{"rendered":"https:\/\/focotocantinense.com.br\/?p=2474"},"modified":"2022-04-14T17:13:19","modified_gmt":"2022-04-14T20:13:19","slug":"vereadores-de-lagoa-da-confusao-solicitam-ao-governador-a-continuidade-das-obras-de-patrolamento-e-encascalhamento-da-to-181","status":"publish","type":"post","link":"https:\/\/focotocantinense.com.br\/?p=2474","title":{"rendered":"Vereadores de Lagoa da Confus\u00e3o solicitam ao governador a continuidade das obras de patrolamento e encascalhamento da TO-181"},"content":{"rendered":"\n<p><strong>Por Zacarias Martins<\/strong><\/p>\n\n\n\n<p>Durante evento realizado em Para\u00edso do Tocantins, promovido pela Uni\u00e3o dos Vereadores do Vale Araguaia (UVAET), na quarta-feira (13), e que contou com a presen\u00e7a do governador\u00a0 Wanderlei Barbosa, os nove vereadores da C\u00e2mara Municipal de Lagoa da Confus\u00e3o aproveitaram a oportunidade para entregar \u00a0um of\u00edcio ao Chefe do Executivo Estadual,\u00a0 onde solicitam \u00a0continuidade das obras de patrolamento e encascalhamento da rodovia TO-181, que liga o Assentamento Loroty \u00e0 Cobrape, num trecho de aproximadamente\u00a0 42 quil\u00f4metros,\u00a0 e do Loroty, sentido \u00e0 Duer\u00e9, em cerca de 15 quil\u00f4metros, at\u00e9 a ponte do rio Formoso.<\/p>\n\n\n\n<p><strong>TO-255<\/strong><\/p>\n\n\n\n<p>Os vereadores tamb\u00e9m reivindicaram&nbsp; &nbsp;a continuidade das obras de pavimenta\u00e7\u00e3o asf\u00e1ltica da TO-255, que liga Lagoa da Confus\u00e3o \u00e0 Barreira da Cruz. Essas obras tiveram in\u00edcio no ano passado e foram interrompidas pela chegada do per\u00edodo chuvoso, necessitando assim,&nbsp; que seja dada continuidade &nbsp;aos servi\u00e7os,, pois os produtores rurais dependem muito dessa estrada para a escoa\u00e7\u00e3o da produ\u00e7\u00e3o.<\/p>\n\n\n\n<p>O presidente da C\u00e2mara Municipal de Lagoa da Confus\u00e3o, Luiz Edvaldo Coelho dos Santos, &#8211; o Di, ressaltou que essas estradas se encontram em p\u00e9ssimas condi\u00e7\u00f5es de tr\u00e1fego e s\u00e3o de grande movimenta\u00e7\u00e3o na regi\u00e3o.<\/p>\n\n\n\n<p>\u201cJ\u00e1 determinei \u00e0 Ag\u00eancia Tocantinense de Transportes e Obras que contrate pessoal para refor\u00e7ar e dar agilidade na recupera\u00e7\u00e3o das estradas. Elas impactam diretamente a educa\u00e7\u00e3o, a sa\u00fade, o setor produtivo e a mobilidade social de uma forma geral\u201d, informou o governador.<\/p>\n\n\n\n<figure class=\"wp-block-image is-resized\"><img loading=\"lazy\" decoding=\"async\" src=\"https:\/\/portaldoamaral.com.br\/wp-content\/uploads\/2022\/04\/WhatsApp-Image-2022-04-14-at-11.58.23.jpeg\" alt=\"\" width=\"375\" height=\"281\"\/><\/figure>\n","protected":false},"excerpt":{"rendered":"<p>Por Zacarias Martins Durante evento realizado em Para\u00edso do Tocantins, promovido pela Uni\u00e3o dos Vereadores do Vale Araguaia (UVAET), na quarta-feira (13), e que contou com a presen\u00e7a do governador\u00a0 Wanderlei Barbosa, os nove vereadores da C\u00e2mara Municipal de Lagoa da Confus\u00e3o aproveitaram a oportunidade para entregar \u00a0um of\u00edcio ao Chefe do Executivo Estadual,\u00a0 onde &hellip;<\/p>\n","protected":false},"author":5,"featured_media":2475,"comment_status":"open","ping_status":"open","sticky":false,"template":"","format":"standard","meta":{"footnotes":""},"categories":[1],"tags":[],"class_list":["post-2474","post","type-post","status-publish","format-standard","has-post-thumbnail","","category-sem-categoria"],"_links":{"self":[{"href":"https:\/\/focotocantinense.com.br\/index.php?rest_route=\/wp\/v2\/posts\/2474","targetHints":{"allow":["GET"]}}],"collection":[{"href":"https:\/\/focotocantinense.com.br\/index.php?rest_route=\/wp\/v2\/posts"}],"about":[{"href":"https:\/\/focotocantinense.com.br\/index.php?rest_route=\/wp\/v2\/types\/post"}],"author":[{"embeddable":true,"href":"https:\/\/focotocantinense.com.br\/index.php?rest_route=\/wp\/v2\/users\/5"}],"replies":[{"embeddable":true,"href":"https:\/\/focotocantinense.com.br\/index.php?rest_route=%2Fwp%2Fv2%2Fcomments&post=2474"}],"version-history":[{"count":5,"href":"https:\/\/focotocantinense.com.br\/index.php?rest_route=\/wp\/v2\/posts\/2474\/revisions"}],"predecessor-version":[{"id":2481,"href":"https:\/\/focotocantinense.com.br\/index.php?rest_route=\/wp\/v2\/posts\/2474\/revisions\/2481"}],"wp:featuredmedia":[{"embeddable":true,"href":"https:\/\/focotocantinense.com.br\/index.php?rest_route=\/wp\/v2\/media\/2475"}],"wp:attachment":[{"href":"https:\/\/focotocantinense.com.br\/index.php?rest_route=%2Fwp%2Fv2%2Fmedia&parent=2474"}],"wp:term":[{"taxonomy":"category","embeddable":true,"href":"https:\/\/focotocantinense.com.br\/index.php?rest_route=%2Fwp%2Fv2%2Fcategories&post=2474"},{"taxonomy":"post_tag","embeddable":true,"href":"https:\/\/focotocantinense.com.br\/index.php?rest_route=%2Fwp%2Fv2%2Ftags&post=2474"}],"curies":[{"name":"wp","href":"https:\/\/api.w.org\/{rel}","templated":true}]}}