{"id":2459,"date":"2022-04-13T21:04:21","date_gmt":"2022-04-14T00:04:21","guid":{"rendered":"https:\/\/focotocantinense.com.br\/?p=2459"},"modified":"2022-04-13T21:06:04","modified_gmt":"2022-04-14T00:06:04","slug":"antonio-andrade-ressalta-uniao-dos-poderes-legislativo-e-executivo-em-prol-dos-tocantinenses","status":"publish","type":"post","link":"https:\/\/focotocantinense.com.br\/?p=2459","title":{"rendered":"Antonio Andrade ressalta uni\u00e3o dos Poderes Legislativo e Executivo em prol dos tocantinenses"},"content":{"rendered":"\n<p>Na tarde desta ter\u00e7a-feira, 12, o presidente da Assembleia Legislativa do Tocantins (Aleto), deputado Antonio Andrade (Republicanos), acompanhado do governador, Wanderlei Barbosa (Republicanos), participou do 2\u00ba Encontro da Uni\u00e3o de Vereadores do Vale do Araguaia (UVVAET), que aconteceu em Para\u00edso do Tocantins.<\/p>\n\n\n\n<p>O objetivo inicial foi inaugurar uma sala na C\u00e2mara Municipal que vai servir como ponto de apoio aos vereadores do Vale do Araguaia, ap\u00f3s este momento os vereadores aproveitaram o encontro para apresentar suas reivindica\u00e7\u00f5es.<\/p>\n\n\n\n<p>Destacaram-se os pedidos na \u00e1rea da infraestrutura, sa\u00fade e seguran\u00e7a p\u00fablica, todos acolhidos pelo governador, Wanderlei Barbosa, que lembrou que j\u00e1 est\u00e1 trabalhando para atender as demandas, desde que assumiu o governo.<\/p>\n\n\n\n<p>O presidente da UVVAET, vereador Cleber Cavalcanti, de Caseara, destacou que a iniciativa da cria\u00e7\u00e3o da associa\u00e7\u00e3o aconteceu a partir de uma conversa entre ele e o deputado, Antonio Andrade, como forma de fortalecer a categoria.<\/p>\n\n\n\n<p>Durante seu discurso, Andrade, ressaltou que os vereadores t\u00eam um papel fundamental dentro do processo democr\u00e1tico, pois est\u00e3o mais pr\u00f3ximos da popula\u00e7\u00e3o e conhecem de perto a realidade de seus munic\u00edpios.<\/p>\n\n\n\n<p>\u201cEste encontro foi muito proveitoso, pois conseguimos ouvir as demandas de todos. Esta proximidade do Legislativo Municipal, com o Estadual e o Executivo, eu s\u00f3 vi nesta gest\u00e3o, quem sai ganhando com isso \u00e9 a popula\u00e7\u00e3o, j\u00e1 que estamos todos unidos em busca de solu\u00e7\u00f5es\u201d, disse o presidente da Aleto<\/p>\n\n\n\n<p><strong>Presen\u00e7as<\/strong><\/p>\n\n\n\n<p>Entre os presentes, al\u00e9m do Governador e do Presidente da Aleto, estavam a senadora K\u00e1tia Abreu, o deputado federal, Osires Dam\u00e1sio, os deputados estaduais, Vanda Monteiro, Nilton Franco, Ricardo Ayres e Gutierrez, e claro, vereadores e prefeitos da regi\u00e3o do Vale do Araguaia.<\/p>\n\n\n\n<figure class=\"wp-block-image\"><img decoding=\"async\" src=\"https:\/\/www.al.to.leg.br\/imagens\/mini\/1130x755\/8e79eda33e17b655c3e3c7e85014c590.jpeg\" alt=\"Antonio Andrade - Presidente da Aleto\"\/><\/figure>\n","protected":false},"excerpt":{"rendered":"<p>Na tarde desta ter\u00e7a-feira, 12, o presidente da Assembleia Legislativa do Tocantins (Aleto), deputado Antonio Andrade (Republicanos), acompanhado do governador, Wanderlei Barbosa (Republicanos), participou do 2\u00ba Encontro da Uni\u00e3o de Vereadores do Vale do Araguaia (UVVAET), que aconteceu em Para\u00edso do Tocantins. O objetivo inicial foi inaugurar uma sala na C\u00e2mara Municipal que vai servir &hellip;<\/p>\n","protected":false},"author":5,"featured_media":2461,"comment_status":"open","ping_status":"open","sticky":false,"template":"","format":"standard","meta":{"footnotes":""},"categories":[1],"tags":[],"class_list":["post-2459","post","type-post","status-publish","format-standard","has-post-thumbnail","","category-sem-categoria"],"_links":{"self":[{"href":"https:\/\/focotocantinense.com.br\/index.php?rest_route=\/wp\/v2\/posts\/2459","targetHints":{"allow":["GET"]}}],"collection":[{"href":"https:\/\/focotocantinense.com.br\/index.php?rest_route=\/wp\/v2\/posts"}],"about":[{"href":"https:\/\/focotocantinense.com.br\/index.php?rest_route=\/wp\/v2\/types\/post"}],"author":[{"embeddable":true,"href":"https:\/\/focotocantinense.com.br\/index.php?rest_route=\/wp\/v2\/users\/5"}],"replies":[{"embeddable":true,"href":"https:\/\/focotocantinense.com.br\/index.php?rest_route=%2Fwp%2Fv2%2Fcomments&post=2459"}],"version-history":[{"count":2,"href":"https:\/\/focotocantinense.com.br\/index.php?rest_route=\/wp\/v2\/posts\/2459\/revisions"}],"predecessor-version":[{"id":2462,"href":"https:\/\/focotocantinense.com.br\/index.php?rest_route=\/wp\/v2\/posts\/2459\/revisions\/2462"}],"wp:featuredmedia":[{"embeddable":true,"href":"https:\/\/focotocantinense.com.br\/index.php?rest_route=\/wp\/v2\/media\/2461"}],"wp:attachment":[{"href":"https:\/\/focotocantinense.com.br\/index.php?rest_route=%2Fwp%2Fv2%2Fmedia&parent=2459"}],"wp:term":[{"taxonomy":"category","embeddable":true,"href":"https:\/\/focotocantinense.com.br\/index.php?rest_route=%2Fwp%2Fv2%2Fcategories&post=2459"},{"taxonomy":"post_tag","embeddable":true,"href":"https:\/\/focotocantinense.com.br\/index.php?rest_route=%2Fwp%2Fv2%2Ftags&post=2459"}],"curies":[{"name":"wp","href":"https:\/\/api.w.org\/{rel}","templated":true}]}}