{"id":2456,"date":"2022-04-09T10:12:42","date_gmt":"2022-04-09T13:12:42","guid":{"rendered":"http:\/\/focotocantinense.com.br\/?p=2456"},"modified":"2022-04-09T10:12:43","modified_gmt":"2022-04-09T13:12:43","slug":"expositores-de-dentro-e-fora-do-estado-falam-da-expectativa-pela-volta-da-agrotins-de-forma-presencial","status":"publish","type":"post","link":"https:\/\/focotocantinense.com.br\/?p=2456","title":{"rendered":"Expositores de dentro e fora do Estado falam da expectativa pela volta da Agrotins de forma presencial"},"content":{"rendered":"\n<p>Falta pouco mais de um m\u00eas, mais precisamente 32 dias para o in\u00edcio da maior feira agropecu\u00e1ria do Norte do Brasil, a Feira de Tecnologia Agropecu\u00e1ria (Agrotins 2022), realizada pelo Governo do Tocantins, entre os dias 10 e 14 de maio, no Parque Agrotecnol\u00f3gico, em Palmas. A Agrotins 2022 vai receber mais de 600 expositores, que v\u00e3o apresentar inova\u00e7\u00f5es, m\u00e1quinas, tecnologias, estudos e pesquisas no setor e, este ano, a novidade que muitos aguardavam, a feira sendo realizada, tamb\u00e9m, de forma presencial.<\/p>\n\n\n\n<p>As duas \u00faltimas edi\u00e7\u00f5es da Agrotins foram realizadas apenas no formato digital, por conta da pandemia provocada pela covid-19. Em 2022, algumas atividades v\u00e3o continuar sendo transmitidas on-line, no entanto, boa parte da programa\u00e7\u00e3o est\u00e1 sendo preparada para receber o p\u00fablico pessoalmente e \u00e9 exatamente o que o consultor agr\u00edcola, Gustavo Marquardt, estava esperando.&nbsp;<\/p>\n\n\n\n<p>Atuando h\u00e1 um ano na \u00e1rea de consultoria agr\u00edcola, agricultura de precis\u00e3o e projetos de custeio e financiamento em Palmas, Gustavo entende a Agrotins como um espa\u00e7o para fazer network, ter acesso direto a empresas e bancos, al\u00e9m de conhecer novos produtores&nbsp;<em>in loco<\/em>. \u201cA expectativa com a feira \u00e9 muito boa, pois, nela, \u00e9 exposto tudo que h\u00e1 de novo de v\u00e1rios segmentos em um \u00fanico lugar. As chances de os neg\u00f3cios aumentarem, comparado aos outros anos\u201d, afirma.<\/p>\n\n\n\n<p><strong>Vitrine para o agro<\/strong><\/p>\n\n\n\n<p>Nos \u00faltimos anos, alguns setores do agroneg\u00f3cio sofreram impacto por conta do cen\u00e1rio pand\u00eamico. Com a realiza\u00e7\u00e3o da Agrotins, h\u00e1 possibilidades de fortalecer o setor e recuperar o ritmo em eixos econ\u00f4micos, de produ\u00e7\u00e3o, cria\u00e7\u00e3o e pesquisa. Para se ter um par\u00e2metro, na \u00faltima edi\u00e7\u00e3o em que o evento foi realizado de forma presencial, em 2019, foi gerado um movimento financeiro de R$ 2,5 bilh\u00f5es.<\/p>\n\n\n\n<p>O produtor Marim Alves J\u00fanior esteve, no ano em quest\u00e3o, e foi justamente essa experi\u00eancia, somada com a vontade de progredir ainda mais nos neg\u00f3cios, que o motivou a participar novamente da feira. Com foco na agropecu\u00e1ria, o tocantinense natural de Aragua\u00edna, mas morando atualmente na Capital, trabalha com a cria\u00e7\u00e3o de Senepol, ra\u00e7a de gado de corte e tamb\u00e9m com plantio de gr\u00e3os, em espec\u00edfico soja, milho e feij\u00e3o, em Marian\u00f3polis do Tocantins, na regi\u00e3o do Vale do Araguaia.<\/p>\n\n\n\n<p>Como j\u00e1 \u00e9 veterano na Agrotins no setor agropecu\u00e1rio, este ano, ele vai expor animais puros da ra\u00e7a Senepol. \u201cVamos expor com a Associa\u00e7\u00e3o Tocantinense de Senepol e estamos com uma expectativa muito grande na feira. Ap\u00f3s muito tempo sem t\u00ea-la presencial, estamos esperando um fluxo muito bom de visitantes e tamb\u00e9m com a possibilidade de realizar neg\u00f3cios com a ra\u00e7a de gado, que j\u00e1 \u00e9 conhecida nacionalmente\u201d, comenta entusiasmado.<\/p>\n\n\n\n<p><strong>Oportunidades de neg\u00f3cios<\/strong><\/p>\n\n\n\n<p>Oportunidade de neg\u00f3cios \u00e9 um dos pontos fortes da feira, o que chama a aten\u00e7\u00e3o de produtores de v\u00e1rias regi\u00f5es do pa\u00eds, dos mais experientes aos que est\u00e3o apostando pela primeira vez na Agrotins. \u00c9 o caso do Sivaldo Ribeiro Junior, natural do estado de Goi\u00e1s e que trabalha com sistema de energia solar na \u00e1rea urbana e rural.&nbsp;<\/p>\n\n\n\n<p>O sistema usa part\u00edculas de luz solar que, a partir de mecanismos, \u00e9 convertida em eletricidade e, por fatores clim\u00e1ticos favor\u00e1veis, tem crescido muito no Tocantins, o que j\u00e1 \u00e9 percept\u00edvel por Sivaldo. \u201cJ\u00e1 temos seis anos no mercado l\u00e1 em Goi\u00e1s e o Tocantins nos abriu muitas portas. S\u00f3 temos oito meses com uma filial em Aragua\u00edna e j\u00e1 sentimos o crescimento. Eu digo que aqui n\u00e3o temos s\u00f3 clientes e sim ordeiros amigos\u201d, ressalta.<\/p>\n\n\n\n<p>\u00c9 nesse contexto que ele se prepara para participar da Agrotins como expositor pela primeira vez e o fato de ser marinheiro de primeira viagem n\u00e3o parece desempolgar o empres\u00e1rio. \u201cE a primeira vez que vamos expor na Agrotins e estamos otimistas para que as pessoas nos conhe\u00e7am\u201d, destaca Sivaldo.<\/p>\n\n\n\n<p>Assim como outros participantes, Sivaldo pretende ampliar os neg\u00f3cios e mais, com a realiza\u00e7\u00e3o do evento de forma presencial, ele espera conhecer melhor os participantes. \u201cSabemos que vai ser uma experi\u00eancia \u00fanica e inovadora, esperamos fechar muitas parcerias e neg\u00f3cios, al\u00e9m de conhecer melhor o p\u00fablico do Tocantins e tamb\u00e9m de estados-vizinhos, j\u00e1 que geograficamente estamos bem localizados\u201d, refor\u00e7a.<\/p>\n\n\n\n<p><strong>Pequeno produtor<\/strong><\/p>\n\n\n\n<p>A feira n\u00e3o \u00e9 espa\u00e7o restrito apenas para empres\u00e1rios e grandes neg\u00f3cios. O Alcides Serpa, por exemplo, tem produ\u00e7\u00e3o em pequena propriedade. Catarinense, o produtor tem atuado no Tocantins h\u00e1 10 anos, atualmente, tem produ\u00e7\u00e3o em Porto Nacional e analisa a realiza\u00e7\u00e3o da Agrotins de forma presencial como de extrema import\u00e2ncia para o setor. \u201cA Agrotins veio para contribuir muito, ela sendo realizada de forma virtual ajudou, mas o mais importante \u00e9 a pr\u00e1tica, pois acompanhando as exposi\u00e7\u00f5es, se realiza a grande integra\u00e7\u00e3o da agricultura\u201d, afirma Alcides Serpa.<\/p>\n\n\n\n<p>O Alcides \u00e9 um ferrenho defensor da pequena e m\u00e9dia propriedade, principalmente no que tange \u00e0 autossustentabilidade e \u00e0 produ\u00e7\u00e3o tanto para o com\u00e9rcio quanto para o consumo. Segundo ele, a feira deste ano traz in\u00fameros benef\u00edcios para o p\u00fablico, principalmente para quem inicia na pequena produ\u00e7\u00e3o. \u201cA expectativa desta edi\u00e7\u00e3o \u00e9 muito grande, o p\u00fablico espera muito no conhecimento de m\u00e1quinas e no aprendizado que tem na Agrotins, creio que, este ano, a feira ser\u00e1 um sucesso\u201d, destaca.&nbsp;<\/p>\n\n\n\n<p>Alcides pontua ainda o quanto o pequeno produtor tem ganhos com a realiza\u00e7\u00e3o do evento. \u201cO grande produtor praticamente se autodefende e o pequeno \u00e9 que precisa de tudo, ent\u00e3o \u00e9 muito grande a expectativa que dever\u00e1 servir para a integra\u00e7\u00e3o do homem do campo\u201d, conclui.<\/p>\n\n\n\n<p><strong>Agrotins 2022<\/strong><\/p>\n\n\n\n<p>Com o tema&nbsp;<em>Integrar e Intensificar para Preservar<\/em>, a 22\u00aa edi\u00e7\u00e3o da Agrotins contar\u00e1 com uma programa\u00e7\u00e3o repleta de cursos, palestras e exposi\u00e7\u00f5es focadas na produ\u00e7\u00e3o, na sustentabilidade, na agricultura familiar e ainda nas pautas ambientais.&nbsp;<\/p>\n\n\n\n<p>Com um foco voltado para as diversas \u00e1reas que abrangem o setor do agro, a feira vai trazer diversas novidades, que visam impulsionar a cadeia agr\u00edcola e ainda proporcionar discuss\u00f5es que envolvem a \u00e1rea de ensino e pesquisa para o agroneg\u00f3cio. A Agrotins ocorrer\u00e1 de forma presencial, respeitando as medidas sanit\u00e1rias para conter o avan\u00e7o da covid-19.<\/p>\n","protected":false},"excerpt":{"rendered":"<p>Falta pouco mais de um m\u00eas, mais precisamente 32 dias para o in\u00edcio da maior feira agropecu\u00e1ria do Norte do Brasil, a Feira de Tecnologia Agropecu\u00e1ria (Agrotins 2022), realizada pelo Governo do Tocantins, entre os dias 10 e 14 de maio, no Parque Agrotecnol\u00f3gico, em Palmas. A Agrotins 2022 vai receber mais de 600 expositores, &hellip;<\/p>\n","protected":false},"author":5,"featured_media":2457,"comment_status":"open","ping_status":"open","sticky":false,"template":"","format":"standard","meta":{"footnotes":""},"categories":[1],"tags":[],"class_list":["post-2456","post","type-post","status-publish","format-standard","has-post-thumbnail","","category-sem-categoria"],"_links":{"self":[{"href":"https:\/\/focotocantinense.com.br\/index.php?rest_route=\/wp\/v2\/posts\/2456","targetHints":{"allow":["GET"]}}],"collection":[{"href":"https:\/\/focotocantinense.com.br\/index.php?rest_route=\/wp\/v2\/posts"}],"about":[{"href":"https:\/\/focotocantinense.com.br\/index.php?rest_route=\/wp\/v2\/types\/post"}],"author":[{"embeddable":true,"href":"https:\/\/focotocantinense.com.br\/index.php?rest_route=\/wp\/v2\/users\/5"}],"replies":[{"embeddable":true,"href":"https:\/\/focotocantinense.com.br\/index.php?rest_route=%2Fwp%2Fv2%2Fcomments&post=2456"}],"version-history":[{"count":1,"href":"https:\/\/focotocantinense.com.br\/index.php?rest_route=\/wp\/v2\/posts\/2456\/revisions"}],"predecessor-version":[{"id":2458,"href":"https:\/\/focotocantinense.com.br\/index.php?rest_route=\/wp\/v2\/posts\/2456\/revisions\/2458"}],"wp:featuredmedia":[{"embeddable":true,"href":"https:\/\/focotocantinense.com.br\/index.php?rest_route=\/wp\/v2\/media\/2457"}],"wp:attachment":[{"href":"https:\/\/focotocantinense.com.br\/index.php?rest_route=%2Fwp%2Fv2%2Fmedia&parent=2456"}],"wp:term":[{"taxonomy":"category","embeddable":true,"href":"https:\/\/focotocantinense.com.br\/index.php?rest_route=%2Fwp%2Fv2%2Fcategories&post=2456"},{"taxonomy":"post_tag","embeddable":true,"href":"https:\/\/focotocantinense.com.br\/index.php?rest_route=%2Fwp%2Fv2%2Ftags&post=2456"}],"curies":[{"name":"wp","href":"https:\/\/api.w.org\/{rel}","templated":true}]}}