{"id":2453,"date":"2022-04-09T10:10:26","date_gmt":"2022-04-09T13:10:26","guid":{"rendered":"http:\/\/focotocantinense.com.br\/?p=2453"},"modified":"2022-04-09T10:10:27","modified_gmt":"2022-04-09T13:10:27","slug":"prefeita-josi-nunes-entrega-equipamentos-para-a-central-de-distribuicao-dos-produtos-da-agricultura-familiar","status":"publish","type":"post","link":"https:\/\/focotocantinense.com.br\/?p=2453","title":{"rendered":"Prefeita Josi Nunes entrega equipamentos para a Central de Distribui\u00e7\u00e3o dos produtos da Agricultura Familiar"},"content":{"rendered":"\n<p>Nesta quinta-feira, 07, a prefeita de Gurupi, Josi Nunes, entregou os equipamentos que v\u00e3o refor\u00e7ar a Central de Distribui\u00e7\u00e3o dos Produtos da Agricultura Familiar na cidade. Os materiais foram cedidos ao munic\u00edpio por meio de uma parceria com a Secretaria Estadual do Trabalho e Desenvolvimento Social (SETAS).<\/p>\n\n\n\n<p>Gurupi foi contemplada com nove freezers e um aparelho de ar condicionado, que auxiliar\u00e3o no armazenamento dos produtos adquiridos pelo Programa de Aquisi\u00e7\u00e3o de Alimentos (PAA), garantindo assim mais qualidade na distribui\u00e7\u00e3o dos alimentos que v\u00e3o chegar nas escolas, creches, centros de refer\u00eancia em assist\u00eancia social (CRAS) e entidades filantr\u00f3picas. O objetivo \u00e9 garantir a seguran\u00e7a alimentar de pessoas em situa\u00e7\u00e3o de vulnerabilidade social. &nbsp;<\/p>\n\n\n\n<p>Para a prefeita Josi Nunes, essa parceria entre o munic\u00edpio e o governo estadual \u00e9 fundamental para beneficiar os pequenos produtores e as pessoas que consomem os alimentos. \u201cNosso objetivo \u00e9 promover pol\u00edticas p\u00fablicas que garantam o alimento na mesa das pessoas mais vulner\u00e1veis. Para isso temos que fazer toda uma cadeia de trabalho, com v\u00e1rios parceiros. \u00c9 uma uni\u00e3o de for\u00e7as para garantir a qualidade dos produtos que v\u00e3o chegar na mesa das pessoas mais vulner\u00e1veis, al\u00e9m de fomentar a produ\u00e7\u00e3o e comercializa\u00e7\u00e3o dos agricultores familiares\u201d, disse. &nbsp;&nbsp;<\/p>\n\n\n\n<p>O secret\u00e1rio municipal de Desenvolvimento Econ\u00f4mico e Meio Ambiente, Pedro Dias, ressalta que os equipamentos v\u00e3o beneficiar. \u201cIsso vai beneficiar duas pontas, a primeira s\u00e3o as fam\u00edlias em condi\u00e7\u00e3o de inseguran\u00e7a alimentar, que precisam de amparo do PAA, a segunda s\u00e3o as fam\u00edlias dos pequenos produtores que, amparados pela Lei da Agricultura Familiar, tem o direito a vender no m\u00ednimo 30% do que \u00e9 consumido pelo programa. Isso fortalece a cadeia por completo\u201d, comentou.<\/p>\n\n\n\n<p>A execu\u00e7\u00e3o do programa em Gurupi envolve, al\u00e9m da secretaria de Desenvolvimento Econ\u00f4mico e Meio Ambiente, as secretarias do Trabalho, Assist\u00eancia Social e Prote\u00e7\u00e3o \u00e0 Mulher, e de Educa\u00e7\u00e3o. A Prefeitura tamb\u00e9m conta com parceiros como o Instituto de Desenvolvimento Rural do Tocantins (Ruraltins), o Conselho Municipal de Seguran\u00e7a Alimentar, e o programa Mesa Brasil.<\/p>\n\n\n\n<p>\u201cSempre falo que o PAA \u00e9 uma das melhores pol\u00edticas p\u00fablicas que j\u00e1 vi. \u00c9 muito gratificante adquirir esses produtos do pequeno produtor, que muitas vezes est\u00e3o em vulnerabilidade e sem condi\u00e7\u00f5es de comercializar seus produtos em outro local. O PAA veio para atender essa demanda onde a gente adquire esse produto e passa para as entidades cadastradas. Ent\u00e3o quanto mais equipamentos, melhor ser\u00e1 a execu\u00e7\u00e3o\u201d, relatou o supervisor regional do Ruraltins, Francismar Gama.<\/p>\n\n\n\n<p>A presidente do Conselho de Seguran\u00e7a Alimentar de Gurupi e supervisora do Mesa Brasil, Tatiane Mello Barreto, tamb\u00e9m esteve presente na entrega dos equipamentos. \u201cEstamos muito felizes. Pois esses equipamentos v\u00eam para fortalecer as a\u00e7\u00f5es nessa \u00e1rea de seguran\u00e7a alimentar, que a gente luta muito para as pessoas terem o alimento na mesa, que \u00e9 a dignidade da pessoa. \u00c9 a realiza\u00e7\u00e3o de um sonho receber equipamentos para trabalhar com mais qualidade com todos os alimentos. V\u00e3o agregar muito nesse trabalho\u201d, afirmou.<\/p>\n","protected":false},"excerpt":{"rendered":"<p>Nesta quinta-feira, 07, a prefeita de Gurupi, Josi Nunes, entregou os equipamentos que v\u00e3o refor\u00e7ar a Central de Distribui\u00e7\u00e3o dos Produtos da Agricultura Familiar na cidade. Os materiais foram cedidos ao munic\u00edpio por meio de uma parceria com a Secretaria Estadual do Trabalho e Desenvolvimento Social (SETAS). Gurupi foi contemplada com nove freezers e um &hellip;<\/p>\n","protected":false},"author":5,"featured_media":2454,"comment_status":"open","ping_status":"open","sticky":false,"template":"","format":"standard","meta":{"footnotes":""},"categories":[1],"tags":[],"class_list":["post-2453","post","type-post","status-publish","format-standard","has-post-thumbnail","","category-sem-categoria"],"_links":{"self":[{"href":"https:\/\/focotocantinense.com.br\/index.php?rest_route=\/wp\/v2\/posts\/2453","targetHints":{"allow":["GET"]}}],"collection":[{"href":"https:\/\/focotocantinense.com.br\/index.php?rest_route=\/wp\/v2\/posts"}],"about":[{"href":"https:\/\/focotocantinense.com.br\/index.php?rest_route=\/wp\/v2\/types\/post"}],"author":[{"embeddable":true,"href":"https:\/\/focotocantinense.com.br\/index.php?rest_route=\/wp\/v2\/users\/5"}],"replies":[{"embeddable":true,"href":"https:\/\/focotocantinense.com.br\/index.php?rest_route=%2Fwp%2Fv2%2Fcomments&post=2453"}],"version-history":[{"count":1,"href":"https:\/\/focotocantinense.com.br\/index.php?rest_route=\/wp\/v2\/posts\/2453\/revisions"}],"predecessor-version":[{"id":2455,"href":"https:\/\/focotocantinense.com.br\/index.php?rest_route=\/wp\/v2\/posts\/2453\/revisions\/2455"}],"wp:featuredmedia":[{"embeddable":true,"href":"https:\/\/focotocantinense.com.br\/index.php?rest_route=\/wp\/v2\/media\/2454"}],"wp:attachment":[{"href":"https:\/\/focotocantinense.com.br\/index.php?rest_route=%2Fwp%2Fv2%2Fmedia&parent=2453"}],"wp:term":[{"taxonomy":"category","embeddable":true,"href":"https:\/\/focotocantinense.com.br\/index.php?rest_route=%2Fwp%2Fv2%2Fcategories&post=2453"},{"taxonomy":"post_tag","embeddable":true,"href":"https:\/\/focotocantinense.com.br\/index.php?rest_route=%2Fwp%2Fv2%2Ftags&post=2453"}],"curies":[{"name":"wp","href":"https:\/\/api.w.org\/{rel}","templated":true}]}}