{"id":2450,"date":"2022-04-09T10:00:18","date_gmt":"2022-04-09T13:00:18","guid":{"rendered":"https:\/\/focotocantinense.com.br\/?p=2450"},"modified":"2022-04-09T10:01:33","modified_gmt":"2022-04-09T13:01:33","slug":"tocantinia-realiza-eleicao-para-o-conselho-municipal-de-educacao","status":"publish","type":"post","link":"https:\/\/focotocantinense.com.br\/?p=2450","title":{"rendered":"Tocant\u00ednia realiza elei\u00e7\u00e3o para o Conselho Municipal de Educa\u00e7\u00e3o"},"content":{"rendered":"\n<p><strong>Por Leontina Martins<\/strong><\/p>\n\n\n\n<p>Foi realizado nesta sexta-feira, 8, a elei\u00e7\u00e3o para presid\u00eancia e vice-presid\u00eancia do Conselho Municipal de Educa\u00e7\u00e3o (CME), de Tocant\u00ednia, para mais um mandato de dois anos. Na oportunidade, foram eleitos para presidente o professor Wagner Pereira da Silva e para vice, o professor Ant\u00f4nio Sidney Rosendo.<\/p>\n\n\n\n<p>O presidente eleito, professor Wagner Pereira da Silva, disse que o Conselho Municipal de Educa\u00e7\u00e3o de Tocant\u00ednia \u00e9 parceiro da Secretaria Municipal de Educa\u00e7\u00e3o, destacando que, para tanto, o \u00f3rg\u00e3o exerce papel de articulador e mediador das demandas educacionais junto \u00e0 gest\u00e3o municipal, e desempenha fun\u00e7\u00f5es normativa, consultiva, mobilizadora e fiscalizador. \u201c Estamos muito felizes em poder conduzir por mais um mandato o Conselho Municipal de Educa\u00e7\u00e3o de Tocant\u00ednia e, dessa forma, dar sequ\u00eancia a um trabalho que ao longo do tempo vem colhendo resultados promissores\u201d, afirmou o presidente do Conselho.<\/p>\n\n\n\n<p>O secret\u00e1rio de Educa\u00e7\u00e3o do munic\u00edpio, o professor Andr\u00e9 Goveia, parabenizou o presidente e o seu vice do CME, afirmando reconhecer a import\u00e2ncia desse \u00f3rg\u00e3o que propicia a efetiva participa\u00e7\u00e3o da sociedade civil, na defini\u00e7\u00e3o, acompanhamento, avalia\u00e7\u00e3o e fiscaliza\u00e7\u00e3o das pol\u00edticas educacionais no \u00e2mbito municipal. A posse dos eleitos acontece na segunda-feira, 12 de abril na sede da Secretaria Municipal de Educa\u00e7\u00e3o.<\/p>\n","protected":false},"excerpt":{"rendered":"<p>Por Leontina Martins Foi realizado nesta sexta-feira, 8, a elei\u00e7\u00e3o para presid\u00eancia e vice-presid\u00eancia do Conselho Municipal de Educa\u00e7\u00e3o (CME), de Tocant\u00ednia, para mais um mandato de dois anos. Na oportunidade, foram eleitos para presidente o professor Wagner Pereira da Silva e para vice, o professor Ant\u00f4nio Sidney Rosendo. O presidente eleito, professor Wagner Pereira &hellip;<\/p>\n","protected":false},"author":5,"featured_media":2452,"comment_status":"open","ping_status":"open","sticky":false,"template":"","format":"standard","meta":{"footnotes":""},"categories":[1],"tags":[],"class_list":["post-2450","post","type-post","status-publish","format-standard","has-post-thumbnail","","category-sem-categoria"],"_links":{"self":[{"href":"https:\/\/focotocantinense.com.br\/index.php?rest_route=\/wp\/v2\/posts\/2450","targetHints":{"allow":["GET"]}}],"collection":[{"href":"https:\/\/focotocantinense.com.br\/index.php?rest_route=\/wp\/v2\/posts"}],"about":[{"href":"https:\/\/focotocantinense.com.br\/index.php?rest_route=\/wp\/v2\/types\/post"}],"author":[{"embeddable":true,"href":"https:\/\/focotocantinense.com.br\/index.php?rest_route=\/wp\/v2\/users\/5"}],"replies":[{"embeddable":true,"href":"https:\/\/focotocantinense.com.br\/index.php?rest_route=%2Fwp%2Fv2%2Fcomments&post=2450"}],"version-history":[{"count":1,"href":"https:\/\/focotocantinense.com.br\/index.php?rest_route=\/wp\/v2\/posts\/2450\/revisions"}],"predecessor-version":[{"id":2451,"href":"https:\/\/focotocantinense.com.br\/index.php?rest_route=\/wp\/v2\/posts\/2450\/revisions\/2451"}],"wp:featuredmedia":[{"embeddable":true,"href":"https:\/\/focotocantinense.com.br\/index.php?rest_route=\/wp\/v2\/media\/2452"}],"wp:attachment":[{"href":"https:\/\/focotocantinense.com.br\/index.php?rest_route=%2Fwp%2Fv2%2Fmedia&parent=2450"}],"wp:term":[{"taxonomy":"category","embeddable":true,"href":"https:\/\/focotocantinense.com.br\/index.php?rest_route=%2Fwp%2Fv2%2Fcategories&post=2450"},{"taxonomy":"post_tag","embeddable":true,"href":"https:\/\/focotocantinense.com.br\/index.php?rest_route=%2Fwp%2Fv2%2Ftags&post=2450"}],"curies":[{"name":"wp","href":"https:\/\/api.w.org\/{rel}","templated":true}]}}