{"id":2445,"date":"2022-04-06T08:31:55","date_gmt":"2022-04-06T11:31:55","guid":{"rendered":"https:\/\/focotocantinense.com.br\/?p=2445"},"modified":"2022-04-06T08:34:06","modified_gmt":"2022-04-06T11:34:06","slug":"prefeito-manoel-silvino-recebe-o-deputado-celio-moura-para-inspecao-de-obras-na-zona-rural-e-na-cidade-de-tocantinia","status":"publish","type":"post","link":"https:\/\/focotocantinense.com.br\/?p=2445","title":{"rendered":"Prefeito Manoel Silvino recebe o deputado C\u00e9lio Moura para inspe\u00e7\u00e3o de obras na zona rural e na cidade de Tocant\u00ednia"},"content":{"rendered":"\n<figure class=\"wp-block-gallery has-nested-images columns-default is-cropped wp-block-gallery-1 is-layout-flex wp-block-gallery-is-layout-flex\">\n<figure class=\"wp-block-image size-large\"><img loading=\"lazy\" decoding=\"async\" width=\"1024\" height=\"648\" data-id=\"2446\" src=\"https:\/\/focotocantinense.com.br\/wp-content\/uploads\/2022\/04\/silvino-1024x648.jpg\" alt=\"\" class=\"wp-image-2446\" srcset=\"https:\/\/focotocantinense.com.br\/wp-content\/uploads\/2022\/04\/silvino-1024x648.jpg 1024w, https:\/\/focotocantinense.com.br\/wp-content\/uploads\/2022\/04\/silvino-300x190.jpg 300w, https:\/\/focotocantinense.com.br\/wp-content\/uploads\/2022\/04\/silvino-768x486.jpg 768w, https:\/\/focotocantinense.com.br\/wp-content\/uploads\/2022\/04\/silvino.jpg 1280w\" sizes=\"auto, (max-width: 1024px) 100vw, 1024px\" \/><\/figure>\n<figcaption class=\"blocks-gallery-caption\">No s\u00e1bado (02), o deputado federal C\u00e9lio Moura (PT), juntamente com o prefeito de Tocant\u00ednia Manoel Silvino Gomes Neto (SD), vice-prefeito Jo\u00e3o Alberto Coelho Machado e a comitiva composta de vereadores e secret\u00e1rios municipais, acompanharam o deputado na inspe\u00e7\u00e3o em duas obras de campos society que est\u00e3o na fase final de constru\u00e7\u00e3o, sendo um no povoado Palminha e a outra na cidade de Tocant\u00ednia. As obras est\u00e3o sendo realizadas com recursos oriundas de emenda parlamentar do deputado.<br><br>C\u00e9lio Moura, o prefeito Silvino e a sua comitiva tamb\u00e9m visitaram a comunidade do Assentamento \u00c1gua Fria II, e durante a visita o deputado fez compromisso com a comunidade de destinar recursos de emenda parlamentar para conclus\u00e3o da obra inacabada do gin\u00e1sio poliesportivo que se encontra no assentamento.<br><br>Deputado C\u00e9lio Moura destaca dos recursos de emendas destinados para constru\u00e7\u00e3o dos campos society atendeu o objetivo e foi bem aplicado pelo gestor, fato que j\u00e1 est\u00e3o em fase final de constru\u00e7\u00e3o. Moura, afirma que al\u00e9m dos recursos destinados para constru\u00e7\u00e3o dos campos, tamb\u00e9m j\u00e1 viabilizou recurso para as melhorias da Sa\u00fade no munic\u00edpio e entregou um trator de pneu para Associa\u00e7\u00e3o de Artes\u00e3os e Produtores Caseiros de Tocant\u00ednia \u2013 Entrela\u00e7ando Artes. \u201cN\u00e3o basta mandar emendas para os munic\u00edpios, \u00e9 importante e necess\u00e1rio que o autor da emenda preste contas para a sociedade, \u00c9 para isso que estou aqui hoje, fazendo a presta\u00e7\u00e3o de contas para voc\u00eas\u201d frisou o deputado.<br><br>Prefeito Manoel Silvino ressalta a import\u00e2ncia dos campos society, tanto da zona rural e urbano que v\u00e3o atender os anseios dos jovens atletas e os demais praticantes do esporte na modalidade. Silvino lembrou que os atletas de Tocant\u00ednia sempre se destacaram em competi\u00e7\u00f5es esportivas em n\u00edveis locais, regionais e estaduais. \u201cSomos muito gratos ao Deputado C\u00e9lio Moura que vem contribuindo muito com o nosso munic\u00edpio, trazendo recursos para beneficiar a nossa popula\u00e7\u00e3o, tanto para a \u00e1rea de lazer, como para a sa\u00fade e agricultura. O munic\u00edpio de Tocant\u00ednia n\u00e3o tem muita arrecada\u00e7\u00e3o pr\u00f3pria porque n\u00e3o temos uma produ\u00e7\u00e3o em grande escala, por isso dependemos muito do Congresso, atrav\u00e9s dos parlamentares para conseguirmos recursos para executar projetos que demanda a popula\u00e7\u00e3o\u201d, destacou o prefeito.&nbsp; &nbsp;<br><\/figcaption><\/figure>\n","protected":false},"excerpt":{"rendered":"<p>No s\u00e1bado (02), o deputado federal C\u00e9lio Moura (PT), juntamente com o prefeito de Tocant\u00ednia Manoel Silvino Gomes Neto (SD), vice-prefeito Jo\u00e3o Alberto Coelho Machado e a comitiva composta de vereadores e secret\u00e1rios municipais, acompanharam o deputado na inspe\u00e7\u00e3o em duas obras de campos society que est\u00e3o na fase final de constru\u00e7\u00e3o, sendo um no &hellip;<\/p>\n","protected":false},"author":5,"featured_media":2448,"comment_status":"open","ping_status":"open","sticky":false,"template":"","format":"standard","meta":{"footnotes":""},"categories":[1],"tags":[],"class_list":["post-2445","post","type-post","status-publish","format-standard","has-post-thumbnail","","category-sem-categoria"],"_links":{"self":[{"href":"https:\/\/focotocantinense.com.br\/index.php?rest_route=\/wp\/v2\/posts\/2445","targetHints":{"allow":["GET"]}}],"collection":[{"href":"https:\/\/focotocantinense.com.br\/index.php?rest_route=\/wp\/v2\/posts"}],"about":[{"href":"https:\/\/focotocantinense.com.br\/index.php?rest_route=\/wp\/v2\/types\/post"}],"author":[{"embeddable":true,"href":"https:\/\/focotocantinense.com.br\/index.php?rest_route=\/wp\/v2\/users\/5"}],"replies":[{"embeddable":true,"href":"https:\/\/focotocantinense.com.br\/index.php?rest_route=%2Fwp%2Fv2%2Fcomments&post=2445"}],"version-history":[{"count":2,"href":"https:\/\/focotocantinense.com.br\/index.php?rest_route=\/wp\/v2\/posts\/2445\/revisions"}],"predecessor-version":[{"id":2449,"href":"https:\/\/focotocantinense.com.br\/index.php?rest_route=\/wp\/v2\/posts\/2445\/revisions\/2449"}],"wp:featuredmedia":[{"embeddable":true,"href":"https:\/\/focotocantinense.com.br\/index.php?rest_route=\/wp\/v2\/media\/2448"}],"wp:attachment":[{"href":"https:\/\/focotocantinense.com.br\/index.php?rest_route=%2Fwp%2Fv2%2Fmedia&parent=2445"}],"wp:term":[{"taxonomy":"category","embeddable":true,"href":"https:\/\/focotocantinense.com.br\/index.php?rest_route=%2Fwp%2Fv2%2Fcategories&post=2445"},{"taxonomy":"post_tag","embeddable":true,"href":"https:\/\/focotocantinense.com.br\/index.php?rest_route=%2Fwp%2Fv2%2Ftags&post=2445"}],"curies":[{"name":"wp","href":"https:\/\/api.w.org\/{rel}","templated":true}]}}