{"id":2442,"date":"2022-03-31T10:16:01","date_gmt":"2022-03-31T13:16:01","guid":{"rendered":"http:\/\/focotocantinense.com.br\/?p=2442"},"modified":"2022-03-31T10:16:02","modified_gmt":"2022-03-31T13:16:02","slug":"tocantinia-realiza-abertura-do-semestre-letivo-da-universidade-de-maturidade","status":"publish","type":"post","link":"https:\/\/focotocantinense.com.br\/?p=2442","title":{"rendered":"Tocant\u00ednia realiza abertura do semestre letivo da Universidade de Maturidade"},"content":{"rendered":"\n<p><strong>Por Leontina Martins<\/strong><\/p>\n\n\n\n<p>Na ter\u00e7a-feira, 29, no Audit\u00f3rio do Cefya,&nbsp; a&nbsp; Universidade&nbsp; Federal do Tocantins (UFT)&nbsp; e a Un iversidade da Melhor Idade (UMA), em parceria com a a Prefeitura de Tocantinia por meio da Secretaria Municipal de Educa\u00e7\u00e3o (Semed),&nbsp; realizaram a abertura oficial&nbsp; do semestre letivo das novas turmas de acad\u00eamicos.<\/p>\n\n\n\n<p>A UMA em Tocantinia desenvolver\u00e1, em colabora\u00e7\u00e3o com a Secretaria Municipal de Educa\u00e7\u00e3o , o curso de extens\u00e3o: Educador Social e Pol\u00edtico do Envelhecimento Humano. Ao todo. s\u00e3o tr\u00eas polos no munic\u00edpio, sendo um na reserva Xerente,&nbsp; que se tornou a primeira turma da UMA ind\u00edgena do Brasil, um polo no Assentamento \u00c1gua Fria 2 e outro,&nbsp; na \u00e1rea urbana.<\/p>\n\n\n\n<p>Estiveram presentes nessa abertura,&nbsp; mais de 100 acad\u00eamicos da Universidade da Maturidade,&nbsp; com destaque para os alunos do Polo da UMA de Palmas, que vieram prestigiar e animar o evento. Na ocasi\u00e3o, diversas apresenta\u00e7\u00f5es culturais foram realizadas,&nbsp; dentre elas, duas pe\u00e7as de teatro sendo uma pelo&nbsp; Polo de Palmas com o cl\u00e1ssico musical \u201cAbre a porta Mariquinha\u201d,&nbsp; e a outra, do Polo de Tocantinia,&nbsp; que abordou sobre o que \u00e9 essa institui\u00e7\u00e3o.<\/p>\n\n\n\n<p>Na oportunidade, o secret\u00e1rio de Educa\u00e7\u00e3o,&nbsp; Andr\u00e9 Goveia,&nbsp; recitou a poesia \u201cIp\u00eas Amarelos\u201d, em homenagem a todos os acad\u00eamicos da UMA e ressaltou a import\u00e2ncia desse projeto de extens\u00e3o em Tocantinia,&nbsp; como um espa\u00e7o de valoriza\u00e7\u00e3o da pessoa idosa e do fortalecimento das pol\u00edticas do envelhecimento.&nbsp;<\/p>\n\n\n\n<p>De acordo com o secret\u00e1rio Andr\u00e9 Goveia, a&nbsp;&nbsp;UMA em Tocant\u00ednia,&nbsp;&nbsp;tem a voca\u00e7\u00e3o da pesquisa e sistematiza\u00e7\u00e3o dos saberes culturais das bibliotecas vivas, como s\u00e3o considerados os&nbsp;&nbsp;anci\u00e3os. \u201cTrata-se de um importante processo para o enriquecimento do Curr\u00edculo da Educa\u00e7\u00e3o B\u00e1sica,&nbsp; preservando-se assim,&nbsp; a mem\u00f3ria hist\u00f3rica e cultural da&nbsp; comunidade local, sobretudo, da valiosa cultura ind\u00edgena Xerente\u201d, destacou o secret\u00e1rio.<\/p>\n\n\n\n<p>A aula inaugural foi ministrada pelo Doutor Eduardo Sera, &nbsp;que tratou da tem\u00e1tica da sa\u00fade bucal com \u00eanfase para preven\u00e7\u00e3o e cuidados b\u00e1sicos, bem como,&nbsp; &nbsp;pela Professora Mestranda em Educa\u00e7\u00e3o, &nbsp;Fran Alves que ministrou sobre \u201cAtividades cognitivas\u201d, &nbsp;apresentando atividades e orienta\u00e7\u00f5es sobre o desenvolvimento da mem\u00f3ria.<\/p>\n\n\n\n<p><strong>Presen\u00e7as<\/strong><\/p>\n\n\n\n<p>Estiveram presentes ainda nesse importante acontecimento, &nbsp;mais de vinte professores volunt\u00e1rios, &nbsp;dentre eles o doutorando Professor ind\u00edgena Armando Sopre Xerente, &nbsp;que traduziu e fez a interlocu\u00e7\u00e3o na l\u00edngua Akwe Xerente para os acad\u00eamicos ind\u00edgenas.<\/p>\n\n\n\n<p>Essa aula inaugural marca o in\u00edcio de uma jornada acad\u00eamica de um ano que ser\u00e1 realizada toda quinta-feira nos tr\u00eas polos da Universidade da Maturidade,&nbsp; em Tocant\u00ednia.<\/p>\n\n\n\n<figure class=\"wp-block-image\"><img decoding=\"async\" src=\"http:\/\/n1to.com.br\/img\/uploads\/2_TURMA_DA_UMA_TOCANTINIA.jpg\" alt=\"\"\/><\/figure>\n\n\n\n<figure class=\"wp-block-image\"><img decoding=\"async\" src=\"http:\/\/n1to.com.br\/img\/uploads\/3_TURMA_DA_UMA_TOCANTINIA.jpg\" alt=\"\"\/><\/figure>\n\n\n\n<figure class=\"wp-block-image\"><img decoding=\"async\" src=\"http:\/\/n1to.com.br\/img\/uploads\/4_TURMA_DA_UMA_TOCANTINIA.jpg\" alt=\"\"\/><\/figure>\n\n\n\n<figure class=\"wp-block-image\"><img decoding=\"async\" src=\"http:\/\/n1to.com.br\/img\/uploads\/Ms._Dr._Eduardo_Sera_e_professor_Andre_Goveia.jpg\" alt=\"\"\/><\/figure>\n\n\n\n<p><em><strong>Os professores&nbsp;&nbsp;Dr. Eduardo Sera&nbsp; e Andr\u00e9 Goveia, durante a realiza\u00e7\u00e3o do evento<\/strong><\/em><\/p>\n","protected":false},"excerpt":{"rendered":"<p>Por Leontina Martins Na ter\u00e7a-feira, 29, no Audit\u00f3rio do Cefya,&nbsp; a&nbsp; Universidade&nbsp; Federal do Tocantins (UFT)&nbsp; e a Un iversidade da Melhor Idade (UMA), em parceria com a a Prefeitura de Tocantinia por meio da Secretaria Municipal de Educa\u00e7\u00e3o (Semed),&nbsp; realizaram a abertura oficial&nbsp; do semestre letivo das novas turmas de acad\u00eamicos. A UMA em &hellip;<\/p>\n","protected":false},"author":5,"featured_media":2443,"comment_status":"open","ping_status":"open","sticky":false,"template":"","format":"standard","meta":{"footnotes":""},"categories":[1],"tags":[],"class_list":["post-2442","post","type-post","status-publish","format-standard","has-post-thumbnail","","category-sem-categoria"],"_links":{"self":[{"href":"https:\/\/focotocantinense.com.br\/index.php?rest_route=\/wp\/v2\/posts\/2442","targetHints":{"allow":["GET"]}}],"collection":[{"href":"https:\/\/focotocantinense.com.br\/index.php?rest_route=\/wp\/v2\/posts"}],"about":[{"href":"https:\/\/focotocantinense.com.br\/index.php?rest_route=\/wp\/v2\/types\/post"}],"author":[{"embeddable":true,"href":"https:\/\/focotocantinense.com.br\/index.php?rest_route=\/wp\/v2\/users\/5"}],"replies":[{"embeddable":true,"href":"https:\/\/focotocantinense.com.br\/index.php?rest_route=%2Fwp%2Fv2%2Fcomments&post=2442"}],"version-history":[{"count":1,"href":"https:\/\/focotocantinense.com.br\/index.php?rest_route=\/wp\/v2\/posts\/2442\/revisions"}],"predecessor-version":[{"id":2444,"href":"https:\/\/focotocantinense.com.br\/index.php?rest_route=\/wp\/v2\/posts\/2442\/revisions\/2444"}],"wp:featuredmedia":[{"embeddable":true,"href":"https:\/\/focotocantinense.com.br\/index.php?rest_route=\/wp\/v2\/media\/2443"}],"wp:attachment":[{"href":"https:\/\/focotocantinense.com.br\/index.php?rest_route=%2Fwp%2Fv2%2Fmedia&parent=2442"}],"wp:term":[{"taxonomy":"category","embeddable":true,"href":"https:\/\/focotocantinense.com.br\/index.php?rest_route=%2Fwp%2Fv2%2Fcategories&post=2442"},{"taxonomy":"post_tag","embeddable":true,"href":"https:\/\/focotocantinense.com.br\/index.php?rest_route=%2Fwp%2Fv2%2Ftags&post=2442"}],"curies":[{"name":"wp","href":"https:\/\/api.w.org\/{rel}","templated":true}]}}