{"id":2437,"date":"2022-03-31T09:52:33","date_gmt":"2022-03-31T12:52:33","guid":{"rendered":"http:\/\/focotocantinense.com.br\/?p=2437"},"modified":"2022-03-31T09:52:35","modified_gmt":"2022-03-31T12:52:35","slug":"antonio-andrade-se-filia-ao-republicanos","status":"publish","type":"post","link":"https:\/\/focotocantinense.com.br\/?p=2437","title":{"rendered":"Antonio Andrade se filia ao Republicanos\u00a0"},"content":{"rendered":"\n<p>Na tarde desta ter\u00e7a-feira, 29, o deputado Antonio Andrade, presidente da Assembleia Legislativa do Tocantins (Aleto), filiou-se ao Republicanos. A solenidade aconteceu em Bras\u00edlia na presen\u00e7a do presidente nacional do partido, Marcos Pereira.<\/p>\n\n\n\n<p>&nbsp;\u201cRecebi o convite do governador Wanderlei Barbosa, um grande parceiro e estou pronto para contribuir como sempre fiz nos partidos por onde passei\u201d, destacou Andrade.<\/p>\n\n\n\n<p>Para o presidente do Republicanos, o Deputado fortalece a sigla no estado.<\/p>\n\n\n\n<p>\u201cEle \u00e9 o atual presidente da Assembleia Legislativa do Tocantins, est\u00e1 em seu quarto mandato, e chega para fortalecer ainda mais a nossa presen\u00e7a no estado. O Republicanos n\u00e3o para de crescer!\u201d, publicou o presidente Marcos Pereira.<\/p>\n\n\n\n<p><strong>Sobre o Republicanos<\/strong><\/p>\n\n\n\n<p>O Republicanos \u00e9 um movimento pol\u00edtico conservador, fundamentado nos valores crist\u00e3os, tendo a fam\u00edlia como alicerce da sociedade, preservando a soberania nacional, a livre iniciativa e a liberdade econ\u00f4mica, encorajando o progresso tecnol\u00f3gico como caminho inevit\u00e1vel para o desenvolvimento humano.<\/p>\n\n\n\n<p>Ascom deputado Antonio Andrade &#8211; Presidente da Aleto<\/p>\n\n\n\n<p>Foto: Divulga\u00e7\u00e3o <\/p>\n","protected":false},"excerpt":{"rendered":"<p>Na tarde desta ter\u00e7a-feira, 29, o deputado Antonio Andrade, presidente da Assembleia Legislativa do Tocantins (Aleto), filiou-se ao Republicanos. A solenidade aconteceu em Bras\u00edlia na presen\u00e7a do presidente nacional do partido, Marcos Pereira. &nbsp;\u201cRecebi o convite do governador Wanderlei Barbosa, um grande parceiro e estou pronto para contribuir como sempre fiz nos partidos por onde &hellip;<\/p>\n","protected":false},"author":5,"featured_media":2438,"comment_status":"open","ping_status":"open","sticky":false,"template":"","format":"standard","meta":{"footnotes":""},"categories":[1],"tags":[],"class_list":["post-2437","post","type-post","status-publish","format-standard","has-post-thumbnail","","category-sem-categoria"],"_links":{"self":[{"href":"https:\/\/focotocantinense.com.br\/index.php?rest_route=\/wp\/v2\/posts\/2437","targetHints":{"allow":["GET"]}}],"collection":[{"href":"https:\/\/focotocantinense.com.br\/index.php?rest_route=\/wp\/v2\/posts"}],"about":[{"href":"https:\/\/focotocantinense.com.br\/index.php?rest_route=\/wp\/v2\/types\/post"}],"author":[{"embeddable":true,"href":"https:\/\/focotocantinense.com.br\/index.php?rest_route=\/wp\/v2\/users\/5"}],"replies":[{"embeddable":true,"href":"https:\/\/focotocantinense.com.br\/index.php?rest_route=%2Fwp%2Fv2%2Fcomments&post=2437"}],"version-history":[{"count":1,"href":"https:\/\/focotocantinense.com.br\/index.php?rest_route=\/wp\/v2\/posts\/2437\/revisions"}],"predecessor-version":[{"id":2439,"href":"https:\/\/focotocantinense.com.br\/index.php?rest_route=\/wp\/v2\/posts\/2437\/revisions\/2439"}],"wp:featuredmedia":[{"embeddable":true,"href":"https:\/\/focotocantinense.com.br\/index.php?rest_route=\/wp\/v2\/media\/2438"}],"wp:attachment":[{"href":"https:\/\/focotocantinense.com.br\/index.php?rest_route=%2Fwp%2Fv2%2Fmedia&parent=2437"}],"wp:term":[{"taxonomy":"category","embeddable":true,"href":"https:\/\/focotocantinense.com.br\/index.php?rest_route=%2Fwp%2Fv2%2Fcategories&post=2437"},{"taxonomy":"post_tag","embeddable":true,"href":"https:\/\/focotocantinense.com.br\/index.php?rest_route=%2Fwp%2Fv2%2Ftags&post=2437"}],"curies":[{"name":"wp","href":"https:\/\/api.w.org\/{rel}","templated":true}]}}