{"id":2428,"date":"2022-03-17T18:06:07","date_gmt":"2022-03-17T21:06:07","guid":{"rendered":"https:\/\/focotocantinense.com.br\/?p=2428"},"modified":"2022-03-17T18:07:12","modified_gmt":"2022-03-17T21:07:12","slug":"indigena-da-etnia-xerente-e-aprovado-em-doutorado-na-universidade-federal-do-tocantins","status":"publish","type":"post","link":"https:\/\/focotocantinense.com.br\/?p=2428","title":{"rendered":"Ind\u00edgena da etnia Xerente \u00e9 aprovado em doutorado na Universidade Federal do Tocantins"},"content":{"rendered":"\n<figure class=\"wp-block-image size-full is-resized\"><img loading=\"lazy\" decoding=\"async\" src=\"https:\/\/focotocantinense.com.br\/wp-content\/uploads\/2022\/03\/XERENTE.jpg\" alt=\"\" class=\"wp-image-2429\" width=\"348\" height=\"186\" srcset=\"https:\/\/focotocantinense.com.br\/wp-content\/uploads\/2022\/03\/XERENTE.jpg 1008w, https:\/\/focotocantinense.com.br\/wp-content\/uploads\/2022\/03\/XERENTE-300x161.jpg 300w, https:\/\/focotocantinense.com.br\/wp-content\/uploads\/2022\/03\/XERENTE-768x411.jpg 768w, https:\/\/focotocantinense.com.br\/wp-content\/uploads\/2022\/03\/XERENTE-310x165.jpg 310w\" sizes=\"auto, (max-width: 348px) 100vw, 348px\" \/><figcaption>O ind\u00edgena Armando S\u00f5pre Xerente, pertencente \u00e0 etnia Xerente do Estado Tocantins \u00e9 o terceiro ind\u00edgena da etnia a ingressar no doutorado na universidade p\u00fablica. O ind\u00edgena foi aprovado na linha de pesquisa em Saberes, Linguagem e Educa\u00e7\u00e3o na Universidade Federal do Tocantins, P\u00f3lo de Palmas.<br><br>Com a sua forma\u00e7\u00e3o em n\u00edvel superior e mestrado, Armando S\u00f5pre vem prestando e desenvolvendo trabalhos importantes junto \u00e0s comunidades, principalmente no resgate e preserva\u00e7\u00e3o da cultura, com destaque o dom\u00ednio que tem na escrita da l\u00edngua Xerente.<br><br>S\u00f5pre Xerente relata que apesar de n\u00e3o dominar completamente a l\u00edngua portuguesa e entre outras dificuldades encontradas na sua trajet\u00f3ria acad\u00eamica conseguiu a forma\u00e7\u00e3o, graduando em licenciatura intercultural na Universidade Federal de Goi\u00e1s \u2013 UFG, e mestrado em Ling\u00fc\u00edstico na Universidade de Bras\u00edlia \u2013 UnB, e agora tem o novo desafio pela frente. \u201c\u00c9 o meu sonho de fazer o doutorado para aprofundar mais os meus conhecimentos porque no futuro quero compartilhar com o meu povo. Estou com muita expectativa de vencer mais essa nova etapa dos meus estudos\u201d frisou o doutorando.<br><br>As comunidades ind\u00edgenas Xerente sentem-se orgulhosos pelos avan\u00e7os que os jovens v\u00eam conquistando atrav\u00e9s dos estudos apesar das dificuldades que eles enfrentam para alcan\u00e7ar os seus objetivos. E est\u00e3o contribuindo muito com os seus conhecimentos adquiridos no desenvolvimento social das comunidades nas aldeias. &nbsp;&nbsp;<br><br><strong>Atua\u00e7\u00e3o profissional<\/strong><br>Atuou como corpo docente no Centro de Ensino M\u00e9dio Ind\u00edgena Xerente (CEMIX), situada na terra ind\u00edgena. Professor volunt\u00e1rio na Universidade da Maturidade Ind\u00edgena (UMA) da Universidade Federal do Tocantins em parceria com a prefeitura Municipal de Tocant\u00ednia\/TO. Atualmente coordena o P\u00f3lo de Apoio das escolas ind\u00edgenas que tamb\u00e9m tem como parceiro, o munic\u00edpio.&nbsp;&nbsp;<\/figcaption><\/figure>\n","protected":false},"excerpt":{"rendered":"<p>O ind\u00edgena Armando S\u00f5pre Xerente, pertencente \u00e0 etnia Xerente do Estado Tocantins \u00e9 o terceiro ind\u00edgena da etnia a ingressar no doutorado na universidade p\u00fablica. O ind\u00edgena foi aprovado na linha de pesquisa em Saberes, Linguagem e Educa\u00e7\u00e3o na Universidade Federal do Tocantins, P\u00f3lo de Palmas.Com a sua forma\u00e7\u00e3o em n\u00edvel superior e mestrado, Armando &hellip;<\/p>\n","protected":false},"author":5,"featured_media":2429,"comment_status":"open","ping_status":"open","sticky":false,"template":"","format":"standard","meta":{"footnotes":""},"categories":[1,78],"tags":[],"class_list":["post-2428","post","type-post","status-publish","format-standard","has-post-thumbnail","","category-sem-categoria","category-tocantinia"],"_links":{"self":[{"href":"https:\/\/focotocantinense.com.br\/index.php?rest_route=\/wp\/v2\/posts\/2428","targetHints":{"allow":["GET"]}}],"collection":[{"href":"https:\/\/focotocantinense.com.br\/index.php?rest_route=\/wp\/v2\/posts"}],"about":[{"href":"https:\/\/focotocantinense.com.br\/index.php?rest_route=\/wp\/v2\/types\/post"}],"author":[{"embeddable":true,"href":"https:\/\/focotocantinense.com.br\/index.php?rest_route=\/wp\/v2\/users\/5"}],"replies":[{"embeddable":true,"href":"https:\/\/focotocantinense.com.br\/index.php?rest_route=%2Fwp%2Fv2%2Fcomments&post=2428"}],"version-history":[{"count":2,"href":"https:\/\/focotocantinense.com.br\/index.php?rest_route=\/wp\/v2\/posts\/2428\/revisions"}],"predecessor-version":[{"id":2431,"href":"https:\/\/focotocantinense.com.br\/index.php?rest_route=\/wp\/v2\/posts\/2428\/revisions\/2431"}],"wp:featuredmedia":[{"embeddable":true,"href":"https:\/\/focotocantinense.com.br\/index.php?rest_route=\/wp\/v2\/media\/2429"}],"wp:attachment":[{"href":"https:\/\/focotocantinense.com.br\/index.php?rest_route=%2Fwp%2Fv2%2Fmedia&parent=2428"}],"wp:term":[{"taxonomy":"category","embeddable":true,"href":"https:\/\/focotocantinense.com.br\/index.php?rest_route=%2Fwp%2Fv2%2Fcategories&post=2428"},{"taxonomy":"post_tag","embeddable":true,"href":"https:\/\/focotocantinense.com.br\/index.php?rest_route=%2Fwp%2Fv2%2Ftags&post=2428"}],"curies":[{"name":"wp","href":"https:\/\/api.w.org\/{rel}","templated":true}]}}