{"id":2405,"date":"2022-03-16T16:36:16","date_gmt":"2022-03-16T19:36:16","guid":{"rendered":"https:\/\/focotocantinense.com.br\/?p=2405"},"modified":"2022-03-16T16:42:57","modified_gmt":"2022-03-16T19:42:57","slug":"escola-municipal-professora-ilsa-borges-vieira-promove-roda-de-conversa-com-os-escritores-vinicius-e-zacarias-martins","status":"publish","type":"post","link":"https:\/\/focotocantinense.com.br\/?p=2405","title":{"rendered":"Escola Municipal Professora Ilsa Borges Vieira promove Roda de Conversa com os escritores Vin\u00edcius e Zacarias Martins"},"content":{"rendered":"\n<figure class=\"wp-block-image size-full is-resized\"><img loading=\"lazy\" decoding=\"async\" src=\"https:\/\/focotocantinense.com.br\/wp-content\/uploads\/2022\/03\/davi-abrantes-oue-zacarias-Martins-na-palestra.jpg\" alt=\"\" class=\"wp-image-2406\" width=\"363\" height=\"273\" srcset=\"https:\/\/focotocantinense.com.br\/wp-content\/uploads\/2022\/03\/davi-abrantes-oue-zacarias-Martins-na-palestra.jpg 1024w, https:\/\/focotocantinense.com.br\/wp-content\/uploads\/2022\/03\/davi-abrantes-oue-zacarias-Martins-na-palestra-300x225.jpg 300w, https:\/\/focotocantinense.com.br\/wp-content\/uploads\/2022\/03\/davi-abrantes-oue-zacarias-Martins-na-palestra-768x576.jpg 768w\" sizes=\"auto, (max-width: 363px) 100vw, 363px\" \/><figcaption>Os alunos da Escola Municipal Professora Ilsa Borges Vieira, localizada&nbsp; na Vila \u00cdris, em Gurupi, tiveram uma manh\u00e3 diferente nesta quarta-feira 16, por conta da realiza\u00e7\u00e3o de uma Roda de Conversa com os poetas Zacarias Martins e Vin\u00edcius Martins, com sorteio de livros e que movimentou aquela unidade escolar.<br><br>Zacarias e Vin\u00edcius s\u00e3o pai e filho, ambos artistas e que ao longo dos anos vem se destacando no cen\u00e1rio cultural tocantinense. Durante a Roda de Conversa os autores fizeram a doa\u00e7\u00e3o de livros para a Biblioteca&nbsp;da escola, bem como, promoveram o sorteio de suas obras entre os alunos.<br><br><strong>Lei Aldir Blanc<\/strong><br>Os Livros \u201cHist\u00f3rias da Hist\u00f3ria de Gurupi\u201d, de Zacarias Martins, e \u201cEmo\u00e7\u00f5es\u201d, de Vin\u00edcius Martins, publicados pela Editora Veloso, juntamente com a Roda de leitura, integra um projeto contemplado pelo Pr\u00eamio Gurupi Aldir Blanc (Inciso III) n\u00ba 003\/2021 da Secretaria Municipal de Cultura e Turismo de Gurupi, Prefeitura Municipal de Gurupi, com apoio do Governo Federal \u2013 Minist\u00e9rio do Turismo \u2013 Secretaria Especial da Cultura, Fundo Nacional de Cultura, como parte das a\u00e7\u00f5es de emerg\u00eancia cultural de Lei 14.017\/2020.<br><br><strong>Maravilhado<\/strong><br>O secret\u00e1rio de Educa\u00e7\u00e3o de Gurupi, Davi Abrantes, fez quest\u00e3o de prestigiar esse encontro dos dois poetas com os alunos da Escola Municipal professora Ilza Borges Vieira, e disse que ficou maravilhado com o que presenciou.<br>\u201cQueremos parabenizar esses dois talentosos autores pelo trabalho que eles est\u00e3o desenvolvendo nas escolas da Rede Municipal de Educa\u00e7\u00e3o de Gurupi. Trata-se de um trabalho relevante, levando cultura e lazer para as nossas crian\u00e7as, dando possibilidade aos nossos alunos de ampliar o horizonte de seus conhecimentos. A Secretaria Municipal de Educa\u00e7\u00e3o de&nbsp; Gurupi&nbsp; continuar\u00e1 abrindo espa\u00e7o para as manifesta\u00e7\u00f5es art\u00edsticas e valorizando os nossos talentos culturais, conforme&nbsp;&nbsp; determina\u00e7\u00e3o da nossa prefeita Josi Nunes\u201d, afirmou o secret\u00e1rio Dav\u00ed Abrantes.<br><br><strong>Avalia\u00e7\u00e3o positiva<\/strong><br>J\u00e1 a gestora da unidade escolar, professora&nbsp;Maril\u00facia de Sousa Sales&nbsp; Silva&nbsp; disse que &nbsp;fazia uma avalia\u00e7\u00e3o bastante positiva&nbsp; da Roda de Leitura com os escritores Zacarias Martins e Vin\u00edcius Martins.<br><br>\u201cDe forma l\u00fadica e muito criativa, esses dois escritores propiciaram aos nossos alunos momentos de crescimento intelectual. Nossos alunos amaram&nbsp;&nbsp; a apresenta\u00e7\u00e3o din\u00e2mica, alegre e motivadora desses dois grandes artistas.&nbsp; Esperamos&nbsp;que retornem \u00e0 nossa escola em outras&nbsp;oportunidades\u201d, pontuou a gestora.<br>&nbsp;<\/figcaption><\/figure>\n\n\n\n<figure class=\"wp-block-image size-full\"><img loading=\"lazy\" decoding=\"async\" width=\"711\" height=\"504\" src=\"https:\/\/focotocantinense.com.br\/wp-content\/uploads\/2022\/03\/AAA-6.jpg\" alt=\"\" class=\"wp-image-2411\" srcset=\"https:\/\/focotocantinense.com.br\/wp-content\/uploads\/2022\/03\/AAA-6.jpg 711w, https:\/\/focotocantinense.com.br\/wp-content\/uploads\/2022\/03\/AAA-6-300x213.jpg 300w\" sizes=\"auto, (max-width: 711px) 100vw, 711px\" \/><\/figure>\n\n\n\n<figure class=\"wp-block-image size-full\"><img loading=\"lazy\" decoding=\"async\" width=\"717\" height=\"499\" src=\"https:\/\/focotocantinense.com.br\/wp-content\/uploads\/2022\/03\/BBB.jpg\" alt=\"\" class=\"wp-image-2412\" srcset=\"https:\/\/focotocantinense.com.br\/wp-content\/uploads\/2022\/03\/BBB.jpg 717w, https:\/\/focotocantinense.com.br\/wp-content\/uploads\/2022\/03\/BBB-300x209.jpg 300w\" sizes=\"auto, (max-width: 717px) 100vw, 717px\" \/><\/figure>\n\n\n\n<figure class=\"wp-block-image size-full\"><img loading=\"lazy\" decoding=\"async\" width=\"712\" height=\"503\" src=\"https:\/\/focotocantinense.com.br\/wp-content\/uploads\/2022\/03\/CCC.jpg\" alt=\"\" class=\"wp-image-2413\" srcset=\"https:\/\/focotocantinense.com.br\/wp-content\/uploads\/2022\/03\/CCC.jpg 712w, https:\/\/focotocantinense.com.br\/wp-content\/uploads\/2022\/03\/CCC-300x212.jpg 300w\" sizes=\"auto, (max-width: 712px) 100vw, 712px\" \/><\/figure>\n\n\n\n<figure class=\"wp-block-image size-full\"><img loading=\"lazy\" decoding=\"async\" width=\"712\" height=\"513\" src=\"https:\/\/focotocantinense.com.br\/wp-content\/uploads\/2022\/03\/ddddd.jpg\" alt=\"\" class=\"wp-image-2414\" srcset=\"https:\/\/focotocantinense.com.br\/wp-content\/uploads\/2022\/03\/ddddd.jpg 712w, https:\/\/focotocantinense.com.br\/wp-content\/uploads\/2022\/03\/ddddd-300x216.jpg 300w\" sizes=\"auto, (max-width: 712px) 100vw, 712px\" \/><\/figure>\n\n\n\n<figure class=\"wp-block-image size-full\"><img loading=\"lazy\" decoding=\"async\" width=\"709\" height=\"509\" src=\"https:\/\/focotocantinense.com.br\/wp-content\/uploads\/2022\/03\/EEE2.jpg\" alt=\"\" class=\"wp-image-2415\" srcset=\"https:\/\/focotocantinense.com.br\/wp-content\/uploads\/2022\/03\/EEE2.jpg 709w, https:\/\/focotocantinense.com.br\/wp-content\/uploads\/2022\/03\/EEE2-300x215.jpg 300w\" sizes=\"auto, (max-width: 709px) 100vw, 709px\" \/><\/figure>\n\n\n\n<figure class=\"wp-block-image size-full\"><img loading=\"lazy\" decoding=\"async\" width=\"710\" height=\"539\" src=\"https:\/\/focotocantinense.com.br\/wp-content\/uploads\/2022\/03\/hhhhhhh.jpg\" alt=\"\" class=\"wp-image-2417\" srcset=\"https:\/\/focotocantinense.com.br\/wp-content\/uploads\/2022\/03\/hhhhhhh.jpg 710w, https:\/\/focotocantinense.com.br\/wp-content\/uploads\/2022\/03\/hhhhhhh-300x228.jpg 300w\" sizes=\"auto, (max-width: 710px) 100vw, 710px\" \/><\/figure>\n","protected":false},"excerpt":{"rendered":"<p>Os alunos da Escola Municipal Professora Ilsa Borges Vieira, localizada&nbsp; na Vila \u00cdris, em Gurupi, tiveram uma manh\u00e3 diferente nesta quarta-feira 16, por conta da realiza\u00e7\u00e3o de uma Roda de Conversa com os poetas Zacarias Martins e Vin\u00edcius Martins, com sorteio de livros e que movimentou aquela unidade escolar.Zacarias e Vin\u00edcius s\u00e3o pai e filho, &hellip;<\/p>\n","protected":false},"author":5,"featured_media":2420,"comment_status":"open","ping_status":"open","sticky":false,"template":"","format":"standard","meta":{"footnotes":""},"categories":[1],"tags":[],"class_list":["post-2405","post","type-post","status-publish","format-standard","has-post-thumbnail","","category-sem-categoria"],"_links":{"self":[{"href":"https:\/\/focotocantinense.com.br\/index.php?rest_route=\/wp\/v2\/posts\/2405","targetHints":{"allow":["GET"]}}],"collection":[{"href":"https:\/\/focotocantinense.com.br\/index.php?rest_route=\/wp\/v2\/posts"}],"about":[{"href":"https:\/\/focotocantinense.com.br\/index.php?rest_route=\/wp\/v2\/types\/post"}],"author":[{"embeddable":true,"href":"https:\/\/focotocantinense.com.br\/index.php?rest_route=\/wp\/v2\/users\/5"}],"replies":[{"embeddable":true,"href":"https:\/\/focotocantinense.com.br\/index.php?rest_route=%2Fwp%2Fv2%2Fcomments&post=2405"}],"version-history":[{"count":3,"href":"https:\/\/focotocantinense.com.br\/index.php?rest_route=\/wp\/v2\/posts\/2405\/revisions"}],"predecessor-version":[{"id":2419,"href":"https:\/\/focotocantinense.com.br\/index.php?rest_route=\/wp\/v2\/posts\/2405\/revisions\/2419"}],"wp:featuredmedia":[{"embeddable":true,"href":"https:\/\/focotocantinense.com.br\/index.php?rest_route=\/wp\/v2\/media\/2420"}],"wp:attachment":[{"href":"https:\/\/focotocantinense.com.br\/index.php?rest_route=%2Fwp%2Fv2%2Fmedia&parent=2405"}],"wp:term":[{"taxonomy":"category","embeddable":true,"href":"https:\/\/focotocantinense.com.br\/index.php?rest_route=%2Fwp%2Fv2%2Fcategories&post=2405"},{"taxonomy":"post_tag","embeddable":true,"href":"https:\/\/focotocantinense.com.br\/index.php?rest_route=%2Fwp%2Fv2%2Ftags&post=2405"}],"curies":[{"name":"wp","href":"https:\/\/api.w.org\/{rel}","templated":true}]}}