{"id":2376,"date":"2022-03-11T23:54:04","date_gmt":"2022-03-12T02:54:04","guid":{"rendered":"https:\/\/focotocantinense.com.br\/?p=2376"},"modified":"2022-03-11T23:54:56","modified_gmt":"2022-03-12T02:54:56","slug":"na-assembleia-legislativa-wanderlei-barbosa-toma-posse-como-governador-do-estado-do-tocantins","status":"publish","type":"post","link":"https:\/\/focotocantinense.com.br\/?p=2376","title":{"rendered":"Na Assembleia Legislativa, Wanderlei Barbosa toma posse como governador do Estado do Tocantins"},"content":{"rendered":"\n<figure class=\"wp-block-image size-full is-resized\"><img loading=\"lazy\" decoding=\"async\" src=\"https:\/\/focotocantinense.com.br\/wp-content\/uploads\/2022\/03\/AAA.jpg\" alt=\"\" class=\"wp-image-2377\" width=\"365\" height=\"209\" srcset=\"https:\/\/focotocantinense.com.br\/wp-content\/uploads\/2022\/03\/AAA.jpg 887w, https:\/\/focotocantinense.com.br\/wp-content\/uploads\/2022\/03\/AAA-300x171.jpg 300w, https:\/\/focotocantinense.com.br\/wp-content\/uploads\/2022\/03\/AAA-768x439.jpg 768w\" sizes=\"auto, (max-width: 365px) 100vw, 365px\" \/><figcaption>A noite desta sexta-feira, 11 de mar\u00e7o de 2022, ser\u00e1 lembrada como um marco na hist\u00f3ria pol\u00edtica do Tocantins. O dia em que o at\u00e9 ent\u00e3o vice-governador Wanderlei Barbosa tomou posse como governador do Estado do Tocantins, em sess\u00e3o solene na Assembleia Legislativa.&nbsp; A sess\u00e3o presidida pelo presidente da Casa de Leis, Antonio Andrade, foi prestigiada pelos 24 deputados estaduais, secret\u00e1rios de Estado, deputados federais, representantes do poder judici\u00e1rio, prefeitos e vereadores de diversos munic\u00edpios.<br><br>O governador Wanderlei Barbosa j\u00e1 estava \u00e0 frente do governo como interino desde o dia 20 de outubro de 2021, ap\u00f3s decis\u00e3o do Supremo Tribunal Federal (STF) de afastar o ent\u00e3o governador, Mauro Carlesse, que no in\u00edcio da tarde desta sexta-feira renunciou ao cargo de governador do Estado do Tocantins.&nbsp;<br><br>Em um discurso emocionado e firme, o governador Wanderlei Barbosa compartilhou a sua trajet\u00f3ria pol\u00edtica no Tocantins e destacou a confian\u00e7a do povo tocantinense para chegar no mais alto cargo do poder executivo estadual. \u201cNesse momento \u00edmpar da minha hist\u00f3ria, eu quero afirmar a voc\u00eas que eu n\u00e3o farei nada diferente do que tenho feito nos \u00faltimos quatro meses, chegando a toda popula\u00e7\u00e3o de maneira efetiva, lutando diariamente, percorrendo meu Estado com o desejo de consertar e colocar o meu Estado no rumo certo\u201d, ressaltou.<br><br>O Governador manifestou disposi\u00e7\u00e3o e vontade pol\u00edtica para superar os desafios que t\u00eam pela frente. \u201cN\u00e3o estou em busca de poder, estou aqui para resolver os problemas do nosso povo. N\u00f3s sabemos dos problemas de sa\u00fade, da nossa malha vi\u00e1ria com mais de 1000 km para recupera\u00e7\u00e3o, dos nossos servidores que precisam ter seus direitos garantidos. Estou aqui para trabalhar pelo nosso povo, como j\u00e1 temos feito\u201d, complementou.<br>Wanderlei Barbosa garantiu que n\u00e3o enviar\u00e1 nenhum projeto de lei \u00e0 Assembleia Legislativa que possa gerar inseguran\u00e7a no povo tocantinense. \u201cGovernador n\u00e3o \u00e9 o todo poderoso. O governador est\u00e1 aqui para fazer a gest\u00e3o das finan\u00e7as p\u00fablicas, para ouvir a popula\u00e7\u00e3o e tomar decis\u00f5es, levando em considera\u00e7\u00e3o o desejo da nossa popula\u00e7\u00e3o. N\u00f3s faremos um governo junto com voc\u00eas, n\u00e3o serei um governo de protocolos. Todos ter\u00e3o a porta aberta para conversarmos\u201d, destacou.<br><br>Ainda durante a sua posse, o Governador anunciou que ir\u00e1 chamar na pr\u00f3xima semana, os aprovados do concurso do Sistema Socioeducativo e da Pol\u00edcia Penal do Tocantins, que juntos com os 1.500 novos policiais militares e 100 novos bombeiros atuar\u00e3o em v\u00e1rias frentes por todo o Estado, para garantir a seguran\u00e7a da popula\u00e7\u00e3o tocantinense. Informou tamb\u00e9m que ser\u00e3o pagos mais R$ 20 milh\u00f5es de passivos aos professores da rede estadual de ensino.&nbsp;<br><br>Ao final, fez um clamor \u00e0 popula\u00e7\u00e3o em rela\u00e7\u00e3o aos cuidados com a pandemia causada pelo coronav\u00edrus. \u201cEu clamo \u00e0 popula\u00e7\u00e3o para que se vacinem, para que possamos chegar a um ponto em que um dia poderemos n\u00e3o ter que usar mais a m\u00e1scara de forma obrigat\u00f3ria. Se vacinem! Fica aqui o meu abra\u00e7o e a minha gratid\u00e3o a todas as pessoas pela confian\u00e7a e convic\u00e7\u00e3o do povo tocantinense\u201d, finalizou.<br><br><strong>Perfil<\/strong><br>O Governador do Tocantins, Wanderlei Barbosa Castro, \u00e9 natural de Porto Nacional (TO), onde se elegeu vereador em 1989. Em 1996 foi eleito vereador na capital Palmas, sendo reeleito para mais tr\u00eas mandatos. Foi presidente da C\u00e2mara Municipal de Palmas nos bi\u00eanios de 2003-2004 e de 2009-2010. Tamb\u00e9m foi subprefeito de Taquaru\u00e7u na \u00e9poca de sua emancipa\u00e7\u00e3o. Em 2010, conquistou o seu primeiro mandato de deputado estadual, sendo reeleito em 2014.<br><br>Wanderlei \u00e9 filho de Fenelon Barbosa, que foi o primeiro prefeito de Palmas. \u00c9 casado com Blandina Vieira Leite Castro e pai de Ygor Leonardo Castro Leite, R\u00e9rison Antonio Castro Leite e Rosa Maria Castro Leite.<\/figcaption><\/figure>\n","protected":false},"excerpt":{"rendered":"<p>A noite desta sexta-feira, 11 de mar\u00e7o de 2022, ser\u00e1 lembrada como um marco na hist\u00f3ria pol\u00edtica do Tocantins. O dia em que o at\u00e9 ent\u00e3o vice-governador Wanderlei Barbosa tomou posse como governador do Estado do Tocantins, em sess\u00e3o solene na Assembleia Legislativa.&nbsp; A sess\u00e3o presidida pelo presidente da Casa de Leis, Antonio Andrade, foi &hellip;<\/p>\n","protected":false},"author":5,"featured_media":2377,"comment_status":"open","ping_status":"open","sticky":false,"template":"","format":"standard","meta":{"footnotes":""},"categories":[1],"tags":[],"class_list":["post-2376","post","type-post","status-publish","format-standard","has-post-thumbnail","","category-sem-categoria"],"_links":{"self":[{"href":"https:\/\/focotocantinense.com.br\/index.php?rest_route=\/wp\/v2\/posts\/2376","targetHints":{"allow":["GET"]}}],"collection":[{"href":"https:\/\/focotocantinense.com.br\/index.php?rest_route=\/wp\/v2\/posts"}],"about":[{"href":"https:\/\/focotocantinense.com.br\/index.php?rest_route=\/wp\/v2\/types\/post"}],"author":[{"embeddable":true,"href":"https:\/\/focotocantinense.com.br\/index.php?rest_route=\/wp\/v2\/users\/5"}],"replies":[{"embeddable":true,"href":"https:\/\/focotocantinense.com.br\/index.php?rest_route=%2Fwp%2Fv2%2Fcomments&post=2376"}],"version-history":[{"count":2,"href":"https:\/\/focotocantinense.com.br\/index.php?rest_route=\/wp\/v2\/posts\/2376\/revisions"}],"predecessor-version":[{"id":2379,"href":"https:\/\/focotocantinense.com.br\/index.php?rest_route=\/wp\/v2\/posts\/2376\/revisions\/2379"}],"wp:featuredmedia":[{"embeddable":true,"href":"https:\/\/focotocantinense.com.br\/index.php?rest_route=\/wp\/v2\/media\/2377"}],"wp:attachment":[{"href":"https:\/\/focotocantinense.com.br\/index.php?rest_route=%2Fwp%2Fv2%2Fmedia&parent=2376"}],"wp:term":[{"taxonomy":"category","embeddable":true,"href":"https:\/\/focotocantinense.com.br\/index.php?rest_route=%2Fwp%2Fv2%2Fcategories&post=2376"},{"taxonomy":"post_tag","embeddable":true,"href":"https:\/\/focotocantinense.com.br\/index.php?rest_route=%2Fwp%2Fv2%2Ftags&post=2376"}],"curies":[{"name":"wp","href":"https:\/\/api.w.org\/{rel}","templated":true}]}}