{"id":2371,"date":"2022-03-10T17:20:22","date_gmt":"2022-03-10T20:20:22","guid":{"rendered":"https:\/\/focotocantinense.com.br\/?p=2371"},"modified":"2022-03-10T17:21:48","modified_gmt":"2022-03-10T20:21:48","slug":"feira-do-sistema-monetario-movimenta-alunos-da-eja-em-tocantinia","status":"publish","type":"post","link":"https:\/\/focotocantinense.com.br\/?p=2371","title":{"rendered":"Feira do Sistema Monet\u00e1rio movimenta alunos da EJA em Tocant\u00ednia"},"content":{"rendered":"\n<figure class=\"wp-block-image size-large is-resized\"><img loading=\"lazy\" decoding=\"async\" src=\"https:\/\/focotocantinense.com.br\/wp-content\/uploads\/2022\/03\/1-TOCANTINIA-1024x768.jpg\" alt=\"\" class=\"wp-image-2372\" width=\"340\" height=\"255\" srcset=\"https:\/\/focotocantinense.com.br\/wp-content\/uploads\/2022\/03\/1-TOCANTINIA-1024x768.jpg 1024w, https:\/\/focotocantinense.com.br\/wp-content\/uploads\/2022\/03\/1-TOCANTINIA-300x225.jpg 300w, https:\/\/focotocantinense.com.br\/wp-content\/uploads\/2022\/03\/1-TOCANTINIA-768x576.jpg 768w, https:\/\/focotocantinense.com.br\/wp-content\/uploads\/2022\/03\/1-TOCANTINIA-1536x1152.jpg 1536w, https:\/\/focotocantinense.com.br\/wp-content\/uploads\/2022\/03\/1-TOCANTINIA.jpg 1600w\" sizes=\"auto, (max-width: 340px) 100vw, 340px\" \/><figcaption><br><strong>Por Leontina Martins<\/strong><br>Na quarta-feira (09), em Tocant\u00ednia,&nbsp; foi realizada uma edi\u00e7\u00e3o <br>da Feira do Sistema Monet\u00e1rio, tendo como p\u00fablico-alvo os &nbsp;alunos das turmas da EJA (Educa\u00e7\u00e3o de Jovens e Adultos) &nbsp;2022, com a culmin\u00e2ncia dos conhecimentos e aprendizados do sistema monet\u00e1rio brasileiro trabalhados em sala de aula da Escola Municipal de Tempo Integral Ant\u00f4nio Benvindo da Luz.<br><br>Os alunos trouxeram itens de suas casas como, bolos, ab\u00f3bora, mandioca, e alguns outros objetos que puderam compartilhar com seus colegas. A feira tinha o principal objetivo de assimilar os conhecimentos com a pr\u00e1tica dos estudos em sala de aula.<br>O sucesso foi tanto, que mesmo com a simplicidade dessa iniciativa, j\u00e1 surgiram novas ideias para culmin\u00e2ncia e consolida\u00e7\u00e3o com os objetos de conhecimento trabalhados nas aulas.<br><br>O aluno &nbsp;Joel Vieira Curcino, afirmou que o aprendizado em sala de aula serviu de base para colocar em pr\u00e1tica no seu trabalho. Ele \u00e9 aut\u00f4nomo e acredita &nbsp;que tudo que aprendeu ser\u00e1 uma importante ferramenta para a&nbsp; valoriza\u00e7\u00e3o do seu trabalho.<br><br>Ele destaca que aprendeu, &nbsp;dentre outas coisas, sobre a import\u00e2ncia do&nbsp; investimento na propaganda para auxiliar no sucesso do seu neg\u00f3cio, e &nbsp;disse &nbsp;&nbsp;&nbsp;&nbsp;&nbsp; que j\u00e1 est\u00e1 esperando a culmin\u00e2ncia do pr\u00f3ximo &nbsp;projeto para ampliar os seus conhecimentos.<br><br>Por sua vez, o aluno *Viturino Xerente*, &nbsp;&nbsp;que trouxe aboboras para a feira e voltou com uma linda garrafa da Tupperware, tamb\u00e9m externou sua satisfa\u00e7\u00e3o em ter participado dessa iniciativa da escola.<br><br>O secret\u00e1rio de Educa\u00e7\u00e3o de Tocant\u00ednia, Andr\u00e9 Goveia, destaca que os professores da EJA t\u00eam buscado diariamente a diversifica\u00e7\u00e3o das metodologias, facilitando a fixa\u00e7\u00e3o do aprendizado, trazendo a realidade de mundo para sala de aula, alcan\u00e7ando os alunos nas suas especificidades.<br><\/figcaption><\/figure>\n\n\n\n<figure class=\"wp-block-image size-large\"><img loading=\"lazy\" decoding=\"async\" width=\"1024\" height=\"576\" src=\"https:\/\/focotocantinense.com.br\/wp-content\/uploads\/2022\/03\/2-TOCANTINIA-1024x576.jpg\" alt=\"\" class=\"wp-image-2374\" srcset=\"https:\/\/focotocantinense.com.br\/wp-content\/uploads\/2022\/03\/2-TOCANTINIA-1024x576.jpg 1024w, https:\/\/focotocantinense.com.br\/wp-content\/uploads\/2022\/03\/2-TOCANTINIA-300x169.jpg 300w, https:\/\/focotocantinense.com.br\/wp-content\/uploads\/2022\/03\/2-TOCANTINIA-768x432.jpg 768w, https:\/\/focotocantinense.com.br\/wp-content\/uploads\/2022\/03\/2-TOCANTINIA-1536x864.jpg 1536w, https:\/\/focotocantinense.com.br\/wp-content\/uploads\/2022\/03\/2-TOCANTINIA.jpg 1600w\" sizes=\"auto, (max-width: 1024px) 100vw, 1024px\" \/><\/figure>\n","protected":false},"excerpt":{"rendered":"<p>Por Leontina MartinsNa quarta-feira (09), em Tocant\u00ednia,&nbsp; foi realizada uma edi\u00e7\u00e3o da Feira do Sistema Monet\u00e1rio, tendo como p\u00fablico-alvo os &nbsp;alunos das turmas da EJA (Educa\u00e7\u00e3o de Jovens e Adultos) &nbsp;2022, com a culmin\u00e2ncia dos conhecimentos e aprendizados do sistema monet\u00e1rio brasileiro trabalhados em sala de aula da Escola Municipal de Tempo Integral Ant\u00f4nio Benvindo &hellip;<\/p>\n","protected":false},"author":5,"featured_media":2372,"comment_status":"open","ping_status":"open","sticky":false,"template":"","format":"standard","meta":{"footnotes":""},"categories":[78],"tags":[],"class_list":["post-2371","post","type-post","status-publish","format-standard","has-post-thumbnail","","category-tocantinia"],"_links":{"self":[{"href":"https:\/\/focotocantinense.com.br\/index.php?rest_route=\/wp\/v2\/posts\/2371","targetHints":{"allow":["GET"]}}],"collection":[{"href":"https:\/\/focotocantinense.com.br\/index.php?rest_route=\/wp\/v2\/posts"}],"about":[{"href":"https:\/\/focotocantinense.com.br\/index.php?rest_route=\/wp\/v2\/types\/post"}],"author":[{"embeddable":true,"href":"https:\/\/focotocantinense.com.br\/index.php?rest_route=\/wp\/v2\/users\/5"}],"replies":[{"embeddable":true,"href":"https:\/\/focotocantinense.com.br\/index.php?rest_route=%2Fwp%2Fv2%2Fcomments&post=2371"}],"version-history":[{"count":2,"href":"https:\/\/focotocantinense.com.br\/index.php?rest_route=\/wp\/v2\/posts\/2371\/revisions"}],"predecessor-version":[{"id":2375,"href":"https:\/\/focotocantinense.com.br\/index.php?rest_route=\/wp\/v2\/posts\/2371\/revisions\/2375"}],"wp:featuredmedia":[{"embeddable":true,"href":"https:\/\/focotocantinense.com.br\/index.php?rest_route=\/wp\/v2\/media\/2372"}],"wp:attachment":[{"href":"https:\/\/focotocantinense.com.br\/index.php?rest_route=%2Fwp%2Fv2%2Fmedia&parent=2371"}],"wp:term":[{"taxonomy":"category","embeddable":true,"href":"https:\/\/focotocantinense.com.br\/index.php?rest_route=%2Fwp%2Fv2%2Fcategories&post=2371"},{"taxonomy":"post_tag","embeddable":true,"href":"https:\/\/focotocantinense.com.br\/index.php?rest_route=%2Fwp%2Fv2%2Ftags&post=2371"}],"curies":[{"name":"wp","href":"https:\/\/api.w.org\/{rel}","templated":true}]}}