{"id":2363,"date":"2022-03-10T15:02:49","date_gmt":"2022-03-10T18:02:49","guid":{"rendered":"https:\/\/focotocantinense.com.br\/?p=2363"},"modified":"2022-03-10T15:03:32","modified_gmt":"2022-03-10T18:03:32","slug":"prefeita-josi-nunes-assina-ordem-de-servico-para-ampliacao-da-ceasa-com-a-presenca-do-senador-eduardo-gomes","status":"publish","type":"post","link":"https:\/\/focotocantinense.com.br\/?p=2363","title":{"rendered":"Prefeita Josi Nunes assina ordem de servi\u00e7o para amplia\u00e7\u00e3o da Ceasa, com a presen\u00e7a do senador Eduardo Gomes"},"content":{"rendered":"\n<figure class=\"wp-block-image size-full is-resized\"><img loading=\"lazy\" decoding=\"async\" src=\"https:\/\/focotocantinense.com.br\/wp-content\/uploads\/2022\/03\/AAAA-7.jpg\" alt=\"\" class=\"wp-image-2364\" width=\"338\" height=\"188\" srcset=\"https:\/\/focotocantinense.com.br\/wp-content\/uploads\/2022\/03\/AAAA-7.jpg 906w, https:\/\/focotocantinense.com.br\/wp-content\/uploads\/2022\/03\/AAAA-7-300x167.jpg 300w, https:\/\/focotocantinense.com.br\/wp-content\/uploads\/2022\/03\/AAAA-7-768x428.jpg 768w\" sizes=\"auto, (max-width: 338px) 100vw, 338px\" \/><figcaption>Na noite desta sexta-feira, 11, ser\u00e1 assinada a Ordem de Servi\u00e7o para a obra de amplia\u00e7\u00e3o da Central de Abastecimentos de Alimentos (Ceasa), de Gurupi, que fica \u00e0s margens da BR 153, sentido sul.<br><br>Para a obra, foram conseguidos pelo senador Eduardo Gomes R $5 milh\u00f5es que ser\u00e3o investidos para moderniza\u00e7\u00e3o e amplia\u00e7\u00e3o.<br>O evento acontecer\u00e1 a partir das 19h, no audit\u00f3rio do Centro de Conven\u00e7\u00f5es Mauro Cunha, com a presen\u00e7a do senador Eduardo Gomes e dos deputados federais, Carlos Gaguim e Professora Dorinha Seabra.<br><br>Para a Prefeita Josi Nunes essa parceria com a bancada federal \u00e9 essencial para o desenvolvimento da cidade, e estes recursos alocados pelo senador Eduardo Gomes, chegam em boa hora para trazer melhorias a esta central de abastecimento e proporcionar melhor qualidade a quem utiliza o local. \u201c\u00c9 um momento importante para este setor e convidamos a todos, em especial, os pequenos produtores, que estejam conosco neste momento\u201d, convidou.<br><br>A Ceasa \u00e9 destinada a aprimorar a comercializa\u00e7\u00e3o e distribui\u00e7\u00e3o de produtos hortifrutigranjeiros.<\/figcaption><\/figure>\n\n\n\n<figure class=\"wp-block-image size-large\"><img loading=\"lazy\" decoding=\"async\" width=\"1024\" height=\"360\" src=\"https:\/\/focotocantinense.com.br\/wp-content\/uploads\/2022\/03\/TIO-BARNABEE-OK-4-1024x360.jpg\" alt=\"\" class=\"wp-image-2365\" srcset=\"https:\/\/focotocantinense.com.br\/wp-content\/uploads\/2022\/03\/TIO-BARNABEE-OK-4-1024x360.jpg 1024w, https:\/\/focotocantinense.com.br\/wp-content\/uploads\/2022\/03\/TIO-BARNABEE-OK-4-300x105.jpg 300w, https:\/\/focotocantinense.com.br\/wp-content\/uploads\/2022\/03\/TIO-BARNABEE-OK-4-768x270.jpg 768w, https:\/\/focotocantinense.com.br\/wp-content\/uploads\/2022\/03\/TIO-BARNABEE-OK-4.jpg 1280w\" sizes=\"auto, (max-width: 1024px) 100vw, 1024px\" \/><\/figure>\n","protected":false},"excerpt":{"rendered":"<p>Na noite desta sexta-feira, 11, ser\u00e1 assinada a Ordem de Servi\u00e7o para a obra de amplia\u00e7\u00e3o da Central de Abastecimentos de Alimentos (Ceasa), de Gurupi, que fica \u00e0s margens da BR 153, sentido sul.Para a obra, foram conseguidos pelo senador Eduardo Gomes R $5 milh\u00f5es que ser\u00e3o investidos para moderniza\u00e7\u00e3o e amplia\u00e7\u00e3o.O evento acontecer\u00e1 a &hellip;<\/p>\n","protected":false},"author":5,"featured_media":2364,"comment_status":"open","ping_status":"open","sticky":false,"template":"","format":"standard","meta":{"footnotes":""},"categories":[1],"tags":[],"class_list":["post-2363","post","type-post","status-publish","format-standard","has-post-thumbnail","","category-sem-categoria"],"_links":{"self":[{"href":"https:\/\/focotocantinense.com.br\/index.php?rest_route=\/wp\/v2\/posts\/2363","targetHints":{"allow":["GET"]}}],"collection":[{"href":"https:\/\/focotocantinense.com.br\/index.php?rest_route=\/wp\/v2\/posts"}],"about":[{"href":"https:\/\/focotocantinense.com.br\/index.php?rest_route=\/wp\/v2\/types\/post"}],"author":[{"embeddable":true,"href":"https:\/\/focotocantinense.com.br\/index.php?rest_route=\/wp\/v2\/users\/5"}],"replies":[{"embeddable":true,"href":"https:\/\/focotocantinense.com.br\/index.php?rest_route=%2Fwp%2Fv2%2Fcomments&post=2363"}],"version-history":[{"count":1,"href":"https:\/\/focotocantinense.com.br\/index.php?rest_route=\/wp\/v2\/posts\/2363\/revisions"}],"predecessor-version":[{"id":2366,"href":"https:\/\/focotocantinense.com.br\/index.php?rest_route=\/wp\/v2\/posts\/2363\/revisions\/2366"}],"wp:featuredmedia":[{"embeddable":true,"href":"https:\/\/focotocantinense.com.br\/index.php?rest_route=\/wp\/v2\/media\/2364"}],"wp:attachment":[{"href":"https:\/\/focotocantinense.com.br\/index.php?rest_route=%2Fwp%2Fv2%2Fmedia&parent=2363"}],"wp:term":[{"taxonomy":"category","embeddable":true,"href":"https:\/\/focotocantinense.com.br\/index.php?rest_route=%2Fwp%2Fv2%2Fcategories&post=2363"},{"taxonomy":"post_tag","embeddable":true,"href":"https:\/\/focotocantinense.com.br\/index.php?rest_route=%2Fwp%2Fv2%2Ftags&post=2363"}],"curies":[{"name":"wp","href":"https:\/\/api.w.org\/{rel}","templated":true}]}}