{"id":2359,"date":"2022-03-09T22:23:37","date_gmt":"2022-03-10T01:23:37","guid":{"rendered":"https:\/\/focotocantinense.com.br\/?p=2359"},"modified":"2022-03-09T22:25:57","modified_gmt":"2022-03-10T01:25:57","slug":"febtur-realiza-evento-para-promover-a-gastronomia-palmense","status":"publish","type":"post","link":"https:\/\/focotocantinense.com.br\/?p=2359","title":{"rendered":"Febtur realiza evento para promover a gastronomia palmense"},"content":{"rendered":"\n<figure class=\"wp-block-image size-full is-resized\"><img loading=\"lazy\" decoding=\"async\" src=\"https:\/\/focotocantinense.com.br\/wp-content\/uploads\/2022\/03\/AAAA-6.jpg\" alt=\"\" class=\"wp-image-2360\" width=\"359\" height=\"288\" srcset=\"https:\/\/focotocantinense.com.br\/wp-content\/uploads\/2022\/03\/AAAA-6.jpg 475w, https:\/\/focotocantinense.com.br\/wp-content\/uploads\/2022\/03\/AAAA-6-300x241.jpg 300w\" sizes=\"auto, (max-width: 359px) 100vw, 359px\" \/><figcaption>A Federa\u00e7\u00e3o Brasileira de Comunicadores e Jornalistas de Turismo (Febtur) lan\u00e7a, entre os dias 11 e 13 de mar\u00e7o, o projeto Brasil Turismo Gastron\u00f4mico, em Palmas. Ressaltar a import\u00e2ncia da gastronomia na pr\u00e1tica tur\u00edstica \u00e9 o principal objetivo do projeto que contemplar\u00e1 todos os Estados.<br><br>O Tocantins dar\u00e1 o primeiro passo com uma extensa programa\u00e7\u00e3o com passeio de flutuante e degusta\u00e7\u00f5es em diversos hot\u00e9is e restaurantes. A presen\u00e7a do presidente nacional da Febtur, Gorg\u00f4nio Loureiro, representantes de associa\u00e7\u00f5es do trade tur\u00edstico, autoridades estaduais, municipais, Sebrae e outros dar\u00e1 sentido ao encontro.<br><br>A divulga\u00e7\u00e3o, por meio de conte\u00fados jornal\u00edsticos especializados em turismo, m\u00eddias sociais para evidenciar, ainda mais, a rica culin\u00e1ria tocantinense para todo mundo, \u00e9 importante instrumento de atra\u00e7\u00e3o tur\u00edstica, o qual agrega, al\u00e9m de renda e emprego, dignidade \u00e0 popula\u00e7\u00e3o local.<br><br>Para a realiza\u00e7\u00e3o do Brasil Turismo Gastron\u00f4mico no Tocantins, a Febtur-TO conta com a expressiva parceria do Emp\u00f3rio e Restaurante Vict\u00f3ria, Dona Maria Beach Bar e Restaurante, T\u00e1volla Restaurante, Restaurante Maria Isabel, Fazenda Ecol\u00f3gica, Pousada Aldeia da Serra, Hotel Girassol Plaza, Pousada Casa das Flores, Hotel 10, Jalapa Cervejaria, Originale Palmas, Fazenda Buritizal, Flutuante Malibu. E ainda parcerias institucionais com a Secretaria de Cultura e Turismo do Estado, Associa\u00e7\u00e3o Brasileira de Bares e Restaurantes (Abrasel-TO) e Senac Tocantins.<br><br><strong>Febtur<\/strong><br>A Federa\u00e7\u00e3o Brasileira de Comunicadores e Jornalistas de Turismo re\u00fane profissionais de cerca de 20 estados decididos a trabalhar pelo desenvolvimentismo do turismo nacional. Reconhecidos na divulga\u00e7\u00e3o tur\u00edstica em ve\u00edculos de comunica\u00e7\u00e3o tradicionais, redes sociais ou assessoramento, o prop\u00f3sito \u00e9 desenvolver projetos para o desenvolvimento e a divulga\u00e7\u00e3o dos mais variados segmentos do setor que revelem todas as belezas naturais, culturais, humanas e arquitet\u00f4nicas do pa\u00eds. Atuar a partir de uma vis\u00e3o contempor\u00e2nea com os avan\u00e7os da comunica\u00e7\u00e3o numa grande rede integrada de informa\u00e7\u00e3o relacionada ao turismo, assim se apresenta a Febtur.<br>&nbsp;<\/figcaption><\/figure>\n","protected":false},"excerpt":{"rendered":"<p>A Federa\u00e7\u00e3o Brasileira de Comunicadores e Jornalistas de Turismo (Febtur) lan\u00e7a, entre os dias 11 e 13 de mar\u00e7o, o projeto Brasil Turismo Gastron\u00f4mico, em Palmas. Ressaltar a import\u00e2ncia da gastronomia na pr\u00e1tica tur\u00edstica \u00e9 o principal objetivo do projeto que contemplar\u00e1 todos os Estados.O Tocantins dar\u00e1 o primeiro passo com uma extensa programa\u00e7\u00e3o com &hellip;<\/p>\n","protected":false},"author":5,"featured_media":2360,"comment_status":"open","ping_status":"open","sticky":false,"template":"","format":"standard","meta":{"footnotes":""},"categories":[37],"tags":[],"class_list":["post-2359","post","type-post","status-publish","format-standard","has-post-thumbnail","","category-palmas"],"_links":{"self":[{"href":"https:\/\/focotocantinense.com.br\/index.php?rest_route=\/wp\/v2\/posts\/2359","targetHints":{"allow":["GET"]}}],"collection":[{"href":"https:\/\/focotocantinense.com.br\/index.php?rest_route=\/wp\/v2\/posts"}],"about":[{"href":"https:\/\/focotocantinense.com.br\/index.php?rest_route=\/wp\/v2\/types\/post"}],"author":[{"embeddable":true,"href":"https:\/\/focotocantinense.com.br\/index.php?rest_route=\/wp\/v2\/users\/5"}],"replies":[{"embeddable":true,"href":"https:\/\/focotocantinense.com.br\/index.php?rest_route=%2Fwp%2Fv2%2Fcomments&post=2359"}],"version-history":[{"count":2,"href":"https:\/\/focotocantinense.com.br\/index.php?rest_route=\/wp\/v2\/posts\/2359\/revisions"}],"predecessor-version":[{"id":2362,"href":"https:\/\/focotocantinense.com.br\/index.php?rest_route=\/wp\/v2\/posts\/2359\/revisions\/2362"}],"wp:featuredmedia":[{"embeddable":true,"href":"https:\/\/focotocantinense.com.br\/index.php?rest_route=\/wp\/v2\/media\/2360"}],"wp:attachment":[{"href":"https:\/\/focotocantinense.com.br\/index.php?rest_route=%2Fwp%2Fv2%2Fmedia&parent=2359"}],"wp:term":[{"taxonomy":"category","embeddable":true,"href":"https:\/\/focotocantinense.com.br\/index.php?rest_route=%2Fwp%2Fv2%2Fcategories&post=2359"},{"taxonomy":"post_tag","embeddable":true,"href":"https:\/\/focotocantinense.com.br\/index.php?rest_route=%2Fwp%2Fv2%2Ftags&post=2359"}],"curies":[{"name":"wp","href":"https:\/\/api.w.org\/{rel}","templated":true}]}}