{"id":2343,"date":"2022-03-09T20:09:20","date_gmt":"2022-03-09T23:09:20","guid":{"rendered":"https:\/\/focotocantinense.com.br\/?p=2343"},"modified":"2022-03-09T20:13:10","modified_gmt":"2022-03-09T23:13:10","slug":"vereador-alan-coelho-pede-o-retorno-das-aulas-de-zumba-na-orla-da-lagoa-da-confusao","status":"publish","type":"post","link":"https:\/\/focotocantinense.com.br\/?p=2343","title":{"rendered":"Vereador Alan Coelho \u00a0pede o retorno das aulas de Zumba \u00a0na orla da Lagoa da Confus\u00e3o"},"content":{"rendered":"\n<figure class=\"wp-block-image size-full is-resized\"><img loading=\"lazy\" decoding=\"async\" src=\"https:\/\/focotocantinense.com.br\/wp-content\/uploads\/2022\/03\/1-ALAN-COELHO-MDB.jpg\" alt=\"\" class=\"wp-image-2345\" width=\"367\" height=\"205\" srcset=\"https:\/\/focotocantinense.com.br\/wp-content\/uploads\/2022\/03\/1-ALAN-COELHO-MDB.jpg 710w, https:\/\/focotocantinense.com.br\/wp-content\/uploads\/2022\/03\/1-ALAN-COELHO-MDB-300x168.jpg 300w\" sizes=\"auto, (max-width: 367px) 100vw, 367px\" \/><figcaption><br><strong>Por Zacarias Martins<\/strong><br>&nbsp;&nbsp;<br>A C\u00e2mara Municipal de lagoa da Confus\u00e3o aprovou o requerimento do vereador Alan Coelho (MDB), onde solicita ao prefeito Dr. Thiago Carlos, o retorno das aulas de Zumba que acontecia, de forma gratuita, na orla da lagoa&nbsp;<br>&nbsp;<br>Segundo o vereador, trata-se de uma justa reivindica\u00e7\u00e3o da popula\u00e7\u00e3o lagoense, especialmente, das mulheres. Ele lembra que a pr\u00e1tica de atividade f\u00edsica \u00e9 essencial para a boa sa\u00fade f\u00edsica e mental, devendo ser incentivada pelo Poder P\u00fablico.<br>&nbsp;&nbsp;<br>O parlamentar lembra que&nbsp; &nbsp;a Zumba \u00e9 um estilo de dan\u00e7a voltada a pratica de atividade f\u00edsica e auxilia na melhoria da coordena\u00e7\u00e3o motora, dos reflexos e do equil\u00edbrio, at\u00e9 a queima de calorias, contribuindo para o emagrecimento, qualidade de vida, bem-estar, preserva\u00e7\u00e3o da sa\u00fade do cora\u00e7\u00e3o e do c\u00e9rebro entre outras.&nbsp;<br>&nbsp;<br>Finalizando, Alan Coelho destaca que as aulas de Zumba s\u00e3o tamb\u00e9m oportunidades de conv\u00edvio social.<\/figcaption><\/figure>\n","protected":false},"excerpt":{"rendered":"<p>Por Zacarias Martins&nbsp;&nbsp;A C\u00e2mara Municipal de lagoa da Confus\u00e3o aprovou o requerimento do vereador Alan Coelho (MDB), onde solicita ao prefeito Dr. Thiago Carlos, o retorno das aulas de Zumba que acontecia, de forma gratuita, na orla da lagoa&nbsp;&nbsp;Segundo o vereador, trata-se de uma justa reivindica\u00e7\u00e3o da popula\u00e7\u00e3o lagoense, especialmente, das mulheres. Ele lembra que &hellip;<\/p>\n","protected":false},"author":5,"featured_media":2350,"comment_status":"open","ping_status":"open","sticky":false,"template":"","format":"standard","meta":{"footnotes":""},"categories":[71,40],"tags":[],"class_list":["post-2343","post","type-post","status-publish","format-standard","has-post-thumbnail","","category-lagoa-da-confusao","category-politica"],"_links":{"self":[{"href":"https:\/\/focotocantinense.com.br\/index.php?rest_route=\/wp\/v2\/posts\/2343","targetHints":{"allow":["GET"]}}],"collection":[{"href":"https:\/\/focotocantinense.com.br\/index.php?rest_route=\/wp\/v2\/posts"}],"about":[{"href":"https:\/\/focotocantinense.com.br\/index.php?rest_route=\/wp\/v2\/types\/post"}],"author":[{"embeddable":true,"href":"https:\/\/focotocantinense.com.br\/index.php?rest_route=\/wp\/v2\/users\/5"}],"replies":[{"embeddable":true,"href":"https:\/\/focotocantinense.com.br\/index.php?rest_route=%2Fwp%2Fv2%2Fcomments&post=2343"}],"version-history":[{"count":3,"href":"https:\/\/focotocantinense.com.br\/index.php?rest_route=\/wp\/v2\/posts\/2343\/revisions"}],"predecessor-version":[{"id":2349,"href":"https:\/\/focotocantinense.com.br\/index.php?rest_route=\/wp\/v2\/posts\/2343\/revisions\/2349"}],"wp:featuredmedia":[{"embeddable":true,"href":"https:\/\/focotocantinense.com.br\/index.php?rest_route=\/wp\/v2\/media\/2350"}],"wp:attachment":[{"href":"https:\/\/focotocantinense.com.br\/index.php?rest_route=%2Fwp%2Fv2%2Fmedia&parent=2343"}],"wp:term":[{"taxonomy":"category","embeddable":true,"href":"https:\/\/focotocantinense.com.br\/index.php?rest_route=%2Fwp%2Fv2%2Fcategories&post=2343"},{"taxonomy":"post_tag","embeddable":true,"href":"https:\/\/focotocantinense.com.br\/index.php?rest_route=%2Fwp%2Fv2%2Ftags&post=2343"}],"curies":[{"name":"wp","href":"https:\/\/api.w.org\/{rel}","templated":true}]}}