{"id":2336,"date":"2022-03-09T08:57:21","date_gmt":"2022-03-09T11:57:21","guid":{"rendered":"https:\/\/focotocantinense.com.br\/?p=2336"},"modified":"2022-03-09T09:05:06","modified_gmt":"2022-03-09T12:05:06","slug":"carlim-do-ireno-assume-vaga-na-camara-de-vereadores-de-lagoa-da-confusao","status":"publish","type":"post","link":"https:\/\/focotocantinense.com.br\/?p=2336","title":{"rendered":"Carlim do Ireno assume vaga na C\u00e2mara de Vereadores de Lagoa da Confus\u00e3o"},"content":{"rendered":"\n<figure class=\"wp-block-image size-large is-resized\"><img loading=\"lazy\" decoding=\"async\" src=\"https:\/\/focotocantinense.com.br\/wp-content\/uploads\/2022\/03\/1-CARLIM-DO-IRENO-FOTO-ZACARIAS-MARTINS-1024x576.jpg\" alt=\"\" class=\"wp-image-2337\" width=\"365\" height=\"205\" srcset=\"https:\/\/focotocantinense.com.br\/wp-content\/uploads\/2022\/03\/1-CARLIM-DO-IRENO-FOTO-ZACARIAS-MARTINS-1024x576.jpg 1024w, https:\/\/focotocantinense.com.br\/wp-content\/uploads\/2022\/03\/1-CARLIM-DO-IRENO-FOTO-ZACARIAS-MARTINS-300x169.jpg 300w, https:\/\/focotocantinense.com.br\/wp-content\/uploads\/2022\/03\/1-CARLIM-DO-IRENO-FOTO-ZACARIAS-MARTINS-768x432.jpg 768w, https:\/\/focotocantinense.com.br\/wp-content\/uploads\/2022\/03\/1-CARLIM-DO-IRENO-FOTO-ZACARIAS-MARTINS-1536x864.jpg 1536w, https:\/\/focotocantinense.com.br\/wp-content\/uploads\/2022\/03\/1-CARLIM-DO-IRENO-FOTO-ZACARIAS-MARTINS.jpg 1600w\" sizes=\"auto, (max-width: 365px) 100vw, 365px\" \/><figcaption><br><strong>Por Zacarias Martins<\/strong><br>Na sess\u00e3o da C\u00e2mara municipal de Lagoa da confus\u00e3o, realizada na noite de ter\u00e7a-feira, dia 8, o primeiro &nbsp;suplente de vereador Carlos Alexandre Soares da Cruz,&nbsp; mais conhecido como Carlim do Ireno, do Partido &nbsp;Solidariedade, assumiu a vaga deixada pelo vereador&nbsp; Romivaldo Martins, tamb\u00e9m, do Solidariedade, que&nbsp; pediu licen\u00e7a do cargo&nbsp; pelo per\u00edodo de 90 dias para tratar de assuntos particulares.<br><br>A posse&nbsp; do novo vereador&nbsp; foi prestigiada pelo prefeito Dr. Thiago Carlos e pela secret\u00e1ria&nbsp; de Assist\u00eancia social e Habita\u00e7\u00e3o, Pedrina Neta soares Carlos, al\u00e9m de familiares e amigos.<br><br>Na oportunidade, os vereadores veteranos deram as boas-vindas ao novo integrante da Casa, desejando-lhe muito sucesso nos seus trabalhos legislativos.<br><br>Carlim do Ireno agradeceu a acolhida dos colegas e se comprometeu a trabalhar ainda para defender os interesses da popula\u00e7\u00e3o lagoense.<\/figcaption><\/figure>\n\n\n\n<figure class=\"wp-block-image size-large\"><img loading=\"lazy\" decoding=\"async\" width=\"1024\" height=\"576\" src=\"https:\/\/focotocantinense.com.br\/wp-content\/uploads\/2022\/03\/2-CARLIM-DO-IRENO-FOTO-ZACARIAS-MARTINS-1024x576.jpg\" alt=\"\" class=\"wp-image-2338\" srcset=\"https:\/\/focotocantinense.com.br\/wp-content\/uploads\/2022\/03\/2-CARLIM-DO-IRENO-FOTO-ZACARIAS-MARTINS-1024x576.jpg 1024w, https:\/\/focotocantinense.com.br\/wp-content\/uploads\/2022\/03\/2-CARLIM-DO-IRENO-FOTO-ZACARIAS-MARTINS-300x169.jpg 300w, https:\/\/focotocantinense.com.br\/wp-content\/uploads\/2022\/03\/2-CARLIM-DO-IRENO-FOTO-ZACARIAS-MARTINS-768x432.jpg 768w, https:\/\/focotocantinense.com.br\/wp-content\/uploads\/2022\/03\/2-CARLIM-DO-IRENO-FOTO-ZACARIAS-MARTINS-1536x864.jpg 1536w, https:\/\/focotocantinense.com.br\/wp-content\/uploads\/2022\/03\/2-CARLIM-DO-IRENO-FOTO-ZACARIAS-MARTINS.jpg 1600w\" sizes=\"auto, (max-width: 1024px) 100vw, 1024px\" \/><figcaption><em><strong>Vereador Carlim do Ireno&nbsp; diz assumir a vaga de vereador com muita disposi\u00e7\u00e3o para o trabalho (Foto: Zacarias Martins)<\/strong><\/em><\/figcaption><\/figure>\n","protected":false},"excerpt":{"rendered":"<p>Por Zacarias MartinsNa sess\u00e3o da C\u00e2mara municipal de Lagoa da confus\u00e3o, realizada na noite de ter\u00e7a-feira, dia 8, o primeiro &nbsp;suplente de vereador Carlos Alexandre Soares da Cruz,&nbsp; mais conhecido como Carlim do Ireno, do Partido &nbsp;Solidariedade, assumiu a vaga deixada pelo vereador&nbsp; Romivaldo Martins, tamb\u00e9m, do Solidariedade, que&nbsp; pediu licen\u00e7a do cargo&nbsp; pelo per\u00edodo &hellip;<\/p>\n","protected":false},"author":5,"featured_media":2341,"comment_status":"open","ping_status":"open","sticky":false,"template":"","format":"standard","meta":{"footnotes":""},"categories":[71],"tags":[],"class_list":["post-2336","post","type-post","status-publish","format-standard","has-post-thumbnail","","category-lagoa-da-confusao"],"_links":{"self":[{"href":"https:\/\/focotocantinense.com.br\/index.php?rest_route=\/wp\/v2\/posts\/2336","targetHints":{"allow":["GET"]}}],"collection":[{"href":"https:\/\/focotocantinense.com.br\/index.php?rest_route=\/wp\/v2\/posts"}],"about":[{"href":"https:\/\/focotocantinense.com.br\/index.php?rest_route=\/wp\/v2\/types\/post"}],"author":[{"embeddable":true,"href":"https:\/\/focotocantinense.com.br\/index.php?rest_route=\/wp\/v2\/users\/5"}],"replies":[{"embeddable":true,"href":"https:\/\/focotocantinense.com.br\/index.php?rest_route=%2Fwp%2Fv2%2Fcomments&post=2336"}],"version-history":[{"count":2,"href":"https:\/\/focotocantinense.com.br\/index.php?rest_route=\/wp\/v2\/posts\/2336\/revisions"}],"predecessor-version":[{"id":2342,"href":"https:\/\/focotocantinense.com.br\/index.php?rest_route=\/wp\/v2\/posts\/2336\/revisions\/2342"}],"wp:featuredmedia":[{"embeddable":true,"href":"https:\/\/focotocantinense.com.br\/index.php?rest_route=\/wp\/v2\/media\/2341"}],"wp:attachment":[{"href":"https:\/\/focotocantinense.com.br\/index.php?rest_route=%2Fwp%2Fv2%2Fmedia&parent=2336"}],"wp:term":[{"taxonomy":"category","embeddable":true,"href":"https:\/\/focotocantinense.com.br\/index.php?rest_route=%2Fwp%2Fv2%2Fcategories&post=2336"},{"taxonomy":"post_tag","embeddable":true,"href":"https:\/\/focotocantinense.com.br\/index.php?rest_route=%2Fwp%2Fv2%2Ftags&post=2336"}],"curies":[{"name":"wp","href":"https:\/\/api.w.org\/{rel}","templated":true}]}}