{"id":2313,"date":"2022-03-07T15:13:18","date_gmt":"2022-03-07T18:13:18","guid":{"rendered":"https:\/\/focotocantinense.com.br\/?p=2313"},"modified":"2022-03-07T15:14:24","modified_gmt":"2022-03-07T18:14:24","slug":"em-goias-governador-wanderlei-barbosa-participa-da-inauguracao-do-instituto-cultural-italo-brasileiro-oswaldo-stival-e-edith","status":"publish","type":"post","link":"https:\/\/focotocantinense.com.br\/?p=2313","title":{"rendered":"Em Goi\u00e1s, governador Wanderlei Barbosa participa da inaugura\u00e7\u00e3o do Instituto Cultural \u00cdtalo Brasileiro Oswaldo Stival e Edith"},"content":{"rendered":"\n<figure class=\"wp-block-image size-full is-resized\"><img loading=\"lazy\" decoding=\"async\" src=\"https:\/\/focotocantinense.com.br\/wp-content\/uploads\/2022\/03\/AAAA-1.jpg\" alt=\"\" class=\"wp-image-2314\" width=\"362\" height=\"208\" srcset=\"https:\/\/focotocantinense.com.br\/wp-content\/uploads\/2022\/03\/AAAA-1.jpg 867w, https:\/\/focotocantinense.com.br\/wp-content\/uploads\/2022\/03\/AAAA-1-300x173.jpg 300w, https:\/\/focotocantinense.com.br\/wp-content\/uploads\/2022\/03\/AAAA-1-768x442.jpg 768w\" sizes=\"auto, (max-width: 362px) 100vw, 362px\" \/><figcaption>O governador em exerc\u00edcio do Estado do Tocantins, Wanderlei Barbosa, participou nesse s\u00e1bado, 5, da inaugura\u00e7\u00e3o do Instituto Cultural \u00cdtalo Brasileiro Oswaldo Stival e Edith, localizado em frente \u00e0 Pra\u00e7a Matriz, em Nova Veneza (GO).<br><br>O Governador destacou que n\u00e3o poderia deixar de prestigiar um momento t\u00e3o importante para a fam\u00edlia que tanto contribui para o desenvolvimento econ\u00f4mico de Goi\u00e1s e do Tocantins. &#8220;O Tocantins valoriza a hist\u00f3ria e o trabalho feito por essa fam\u00edlia. <br><br>Da mesma forma que sua fam\u00edlia fez por Nova Veneza, os seus filhos t\u00eam feito pelo Tocantins. Oswaldo \u00e9 um grande empreendedor do nosso Estado, quando ele me convidou para estar aqui testemunhando esse momento importante da fam\u00edlia, eu fiquei muito feliz em nome da popula\u00e7\u00e3o tocantinense que recebe a fam\u00edlia Stival como empreendedora do nosso territ\u00f3rio. Eu vim para parabeniz\u00e1-los por esse monumento na cidade e para agradecer por tudo o que tem feito pela popula\u00e7\u00e3o goiana e tocantinense, pelos empreendimentos que fazem gerando oportunidades de emprego e o crescimento econ\u00f4mico do nosso Estado&#8221;, afirmou Wanderlei Barbosa.<br><br>O Governador estava acompanhado do senador, Eduardo Gomes; da deputada federal, Dorinha Seabra; do deputado estadual, Olyntho Neto; do ex-prefeito de Gurupi, Laurez Moreira; e da desembargadora \u00c2ngela Prudente.<br><br><strong>Resgate hist\u00f3rico-cultural<\/strong><br>O monumento cuja face principal \u00e9 uma reprodu\u00e7\u00e3o do Palazzo Ducale, \u00edcone da cidade de Veneza, na It\u00e1lia, e a outra representa as edifica\u00e7\u00f5es t\u00edpicas e charmosas dos canais venezianos, passa a abrigar a sede do Instituto Cultural \u00cdtalo-Brasileiro Oswaldo Stival &amp; Edith. A edifica\u00e7\u00e3o promete ser um novo marco tur\u00edstico em \u00e2mbito nacional, refor\u00e7ando a identidade do munic\u00edpio de Nova Veneza e suas origens italianas.<br>A iniciativa \u00e9 da fam\u00edlia de Edith e Oswaldo Stival, idealizadores e criadores do Festival Italiano de Nova Veneza. O casal \u00e9 descendente direto dos primeiros italianos que chegaram \u00e0 regi\u00e3o em 1912 e deram origem \u00e0 col\u00f4nia dos italianos.<br><br>\u201cMeu av\u00f4 nasceu na It\u00e1lia e veio para o Brasil no final do s\u00e9culo XIX. Depois de trabalhar em terras em S\u00e3o Paulo e Minas Gerais, juntamente com outros italianos, compraram a terra aqui em Goi\u00e1s, onde seria seu novo lar\u201d, relembrou Oswaldo Stival.<br><br>O instituto \u00e9 mais uma contribui\u00e7\u00e3o da fam\u00edlia para tornar permanente e concreto o compromisso que t\u00eam com o resgate da hist\u00f3ria e a propaga\u00e7\u00e3o do legado cultural da It\u00e1lia. Afinal, Nova Veneza \u00e9 hoje a maior representa\u00e7\u00e3o da imigra\u00e7\u00e3o italiana no centro-oeste brasileiro, com mais de 60% de seus moradores sendo descendentes.<br><br>A obra durou dois anos desde a concep\u00e7\u00e3o at\u00e9 a execu\u00e7\u00e3o. A concep\u00e7\u00e3o do projeto, a dire\u00e7\u00e3o criativa e a dire\u00e7\u00e3o executiva foram lideradas por um filho e um neto do casal, respectivamente o agroindustrial Edwaldo Peixoto Stival e o m\u00e9dico Alessandro Stival.<br><br>\u201cO edif\u00edcio foi concebido para ser um atrativo tur\u00edstico permanente n\u00e3o s\u00f3 pela cenografia italiana, mas tamb\u00e9m por um exclusivo e in\u00e9dito show de luzes e m\u00fasicas italianas, que est\u00e3o previstos para ocorrerem semanalmente \u00e0s sextas, s\u00e1bados e domingos. Nos inspiramos nos espet\u00e1culos dos parques da Disney e no Show das \u00c1guas que acontece no Hotel Bellagio em Las Vegas\u201d, destacou o co-idealizador da obra e filho de Oswaldo Stival, Edwaldo Stival.<\/figcaption><\/figure>\n","protected":false},"excerpt":{"rendered":"<p>O governador em exerc\u00edcio do Estado do Tocantins, Wanderlei Barbosa, participou nesse s\u00e1bado, 5, da inaugura\u00e7\u00e3o do Instituto Cultural \u00cdtalo Brasileiro Oswaldo Stival e Edith, localizado em frente \u00e0 Pra\u00e7a Matriz, em Nova Veneza (GO).O Governador destacou que n\u00e3o poderia deixar de prestigiar um momento t\u00e3o importante para a fam\u00edlia que tanto contribui para o &hellip;<\/p>\n","protected":false},"author":5,"featured_media":2316,"comment_status":"open","ping_status":"open","sticky":false,"template":"","format":"standard","meta":{"footnotes":""},"categories":[1],"tags":[],"class_list":["post-2313","post","type-post","status-publish","format-standard","has-post-thumbnail","","category-sem-categoria"],"_links":{"self":[{"href":"https:\/\/focotocantinense.com.br\/index.php?rest_route=\/wp\/v2\/posts\/2313","targetHints":{"allow":["GET"]}}],"collection":[{"href":"https:\/\/focotocantinense.com.br\/index.php?rest_route=\/wp\/v2\/posts"}],"about":[{"href":"https:\/\/focotocantinense.com.br\/index.php?rest_route=\/wp\/v2\/types\/post"}],"author":[{"embeddable":true,"href":"https:\/\/focotocantinense.com.br\/index.php?rest_route=\/wp\/v2\/users\/5"}],"replies":[{"embeddable":true,"href":"https:\/\/focotocantinense.com.br\/index.php?rest_route=%2Fwp%2Fv2%2Fcomments&post=2313"}],"version-history":[{"count":1,"href":"https:\/\/focotocantinense.com.br\/index.php?rest_route=\/wp\/v2\/posts\/2313\/revisions"}],"predecessor-version":[{"id":2315,"href":"https:\/\/focotocantinense.com.br\/index.php?rest_route=\/wp\/v2\/posts\/2313\/revisions\/2315"}],"wp:featuredmedia":[{"embeddable":true,"href":"https:\/\/focotocantinense.com.br\/index.php?rest_route=\/wp\/v2\/media\/2316"}],"wp:attachment":[{"href":"https:\/\/focotocantinense.com.br\/index.php?rest_route=%2Fwp%2Fv2%2Fmedia&parent=2313"}],"wp:term":[{"taxonomy":"category","embeddable":true,"href":"https:\/\/focotocantinense.com.br\/index.php?rest_route=%2Fwp%2Fv2%2Fcategories&post=2313"},{"taxonomy":"post_tag","embeddable":true,"href":"https:\/\/focotocantinense.com.br\/index.php?rest_route=%2Fwp%2Fv2%2Ftags&post=2313"}],"curies":[{"name":"wp","href":"https:\/\/api.w.org\/{rel}","templated":true}]}}