{"id":2294,"date":"2022-03-06T11:07:38","date_gmt":"2022-03-06T14:07:38","guid":{"rendered":"https:\/\/focotocantinense.com.br\/?p=2294"},"modified":"2022-03-06T11:12:15","modified_gmt":"2022-03-06T14:12:15","slug":"rede-de-ensino-do-municipio-de-gurupi-prepara-novo-uniforme-escolar","status":"publish","type":"post","link":"https:\/\/focotocantinense.com.br\/?p=2294","title":{"rendered":"Rede de ensino do munic\u00edpio de Gurupi prepara novo uniforme escolar"},"content":{"rendered":"\n<figure class=\"wp-block-image size-full is-resized\"><img loading=\"lazy\" decoding=\"async\" src=\"https:\/\/focotocantinense.com.br\/wp-content\/uploads\/2022\/03\/DELIO.jpg\" alt=\"\" class=\"wp-image-2295\" width=\"333\" height=\"195\" srcset=\"https:\/\/focotocantinense.com.br\/wp-content\/uploads\/2022\/03\/DELIO.jpg 961w, https:\/\/focotocantinense.com.br\/wp-content\/uploads\/2022\/03\/DELIO-300x176.jpg 300w, https:\/\/focotocantinense.com.br\/wp-content\/uploads\/2022\/03\/DELIO-768x450.jpg 768w\" sizes=\"auto, (max-width: 333px) 100vw, 333px\" \/><figcaption>A partir da segunda quinzena deste m\u00eas de mar\u00e7o os alunos da rede municipal da Educa\u00e7\u00e3o de Gurupi j\u00e1 poder\u00e3o contar com novo visual para frequentar a sala de aula. O material para confec\u00e7\u00e3o das pe\u00e7as j\u00e1 foi disponibilizado em tr\u00eas empresas no ramo de fabrica\u00e7\u00e3o de uniformes. &nbsp;<br><br>Deste ano letivo em diante os uniformes escolares da rede municipal de ensino de Gurupi ter\u00e3o uma nova identidade visual. \u201cBuscamos n\u00e3o s\u00f3 um visual mais moderno, mas que pudesse tamb\u00e9m vir de encontro ao que os nossos alunos e fam\u00edlias desejavam. <br><br>As serigrafias de Gurupi j\u00e1 receberam esse novo layout dos uniformes e j\u00e1 est\u00e3o confeccionando as pe\u00e7as para que os pais possam adquirir\u201d, explicou o Diretor Executivo da Secretaria Municipal da Educa\u00e7\u00e3o de Gurupi (SEMEG), Jonatas Barreto.<br><br>Al\u00e9m de representar uma economia para as fam\u00edlias, o uniforme promove a inclus\u00e3o ao gerar sentimento de v\u00ednculo do aluno com a escola. Nessa nova vers\u00e3o, a novidade est\u00e1 nas cores aplicadas ao tecido e na diversidade de modelos a disposi\u00e7\u00e3o para escolha pelos pais ou respons\u00e1veis. \u201cEste ano estamos inovando, saindo daquele padr\u00e3o short e camiseta, temos como novidade o short-saia para meninas, a cal\u00e7a cors\u00e1ria, a cal\u00e7a de tactel, e a camiseta regata, al\u00e9m do modelo com mangas diferenciadas, e com ar mais jovial, e temos tamb\u00e9m os agasalhos, levando em considera\u00e7\u00e3o que todas as salas da rede municipal da Educa\u00e7\u00e3o de Gurupi s\u00e3o climatizadas\u201d, ressaltou Barreto.<br><br><strong>Aquisi\u00e7\u00e3o<\/strong><br>O Diretor Executivo ainda reitera que a implementa\u00e7\u00e3o ser\u00e1 feita aos poucos at\u00e9 que todos os pais ou respons\u00e1veis por alunos tenham adquirido as pe\u00e7as, sem a exig\u00eancia que o aluno esteja uniformizado para frequentar as aulas. Ao todo ser\u00e3o confeccionados 8.300 uniformes para alunos da Educa\u00e7\u00e3o Infantil e Ensino Fundamental I e II. \u201cA Prefeitura de Gurupi por meio da SEMEG vem trabalhando numa linha onde estaremos abrindo um processo de licita\u00e7\u00e3o para que no ano de 2023 a gente j\u00e1 entregue de maneira gratuita um uniforme para todos os nossos alunos da rede municipal\u201d, garantiu Barreto.<br><strong>Disponibilidade<\/strong><br><br>As pe\u00e7as ainda est\u00e3o em linha de produ\u00e7\u00e3o e s\u00f3 come\u00e7ar\u00e3o a ser colocadas \u00e0 venda a partir de 10 de mar\u00e7o, como ocorre na Saga Uniformes, uma das empresas contratadas para confec\u00e7\u00e3o dos uniformes escolares e que fica no setor Alto da Boa Vista em Gurupi. J\u00e1 na Avante, que fica na Avenida Piau\u00ed, a previs\u00e3o dos primeiros modelos para venda nas prateleiras \u00e9 para a pr\u00f3xima ter\u00e7a-feira, 08. \u201cAs camisas e shorts j\u00e1 est\u00e3o na costureira e ser\u00e3o as primeiras pe\u00e7as \u00e0 disposi\u00e7\u00e3o dos pais\u201d, disse o F\u00e1bio Alves que trabalha na confec\u00e7\u00e3o.<br><br>A terceira e \u00faltima empresa que vai disponibilizar as pe\u00e7as para a venda \u00e9 a Gaivota, que fica na Rua 9, centro de Gurupi. As empresas ainda n\u00e3o estimaram um valor para o uniforme.<br>&nbsp;<\/figcaption><\/figure>\n","protected":false},"excerpt":{"rendered":"<p>A partir da segunda quinzena deste m\u00eas de mar\u00e7o os alunos da rede municipal da Educa\u00e7\u00e3o de Gurupi j\u00e1 poder\u00e3o contar com novo visual para frequentar a sala de aula. O material para confec\u00e7\u00e3o das pe\u00e7as j\u00e1 foi disponibilizado em tr\u00eas empresas no ramo de fabrica\u00e7\u00e3o de uniformes. &nbsp;Deste ano letivo em diante os uniformes &hellip;<\/p>\n","protected":false},"author":5,"featured_media":2298,"comment_status":"open","ping_status":"open","sticky":false,"template":"","format":"standard","meta":{"footnotes":""},"categories":[38,1],"tags":[],"class_list":["post-2294","post","type-post","status-publish","format-standard","has-post-thumbnail","","category-gurupi","category-sem-categoria"],"_links":{"self":[{"href":"https:\/\/focotocantinense.com.br\/index.php?rest_route=\/wp\/v2\/posts\/2294","targetHints":{"allow":["GET"]}}],"collection":[{"href":"https:\/\/focotocantinense.com.br\/index.php?rest_route=\/wp\/v2\/posts"}],"about":[{"href":"https:\/\/focotocantinense.com.br\/index.php?rest_route=\/wp\/v2\/types\/post"}],"author":[{"embeddable":true,"href":"https:\/\/focotocantinense.com.br\/index.php?rest_route=\/wp\/v2\/users\/5"}],"replies":[{"embeddable":true,"href":"https:\/\/focotocantinense.com.br\/index.php?rest_route=%2Fwp%2Fv2%2Fcomments&post=2294"}],"version-history":[{"count":2,"href":"https:\/\/focotocantinense.com.br\/index.php?rest_route=\/wp\/v2\/posts\/2294\/revisions"}],"predecessor-version":[{"id":2297,"href":"https:\/\/focotocantinense.com.br\/index.php?rest_route=\/wp\/v2\/posts\/2294\/revisions\/2297"}],"wp:featuredmedia":[{"embeddable":true,"href":"https:\/\/focotocantinense.com.br\/index.php?rest_route=\/wp\/v2\/media\/2298"}],"wp:attachment":[{"href":"https:\/\/focotocantinense.com.br\/index.php?rest_route=%2Fwp%2Fv2%2Fmedia&parent=2294"}],"wp:term":[{"taxonomy":"category","embeddable":true,"href":"https:\/\/focotocantinense.com.br\/index.php?rest_route=%2Fwp%2Fv2%2Fcategories&post=2294"},{"taxonomy":"post_tag","embeddable":true,"href":"https:\/\/focotocantinense.com.br\/index.php?rest_route=%2Fwp%2Fv2%2Ftags&post=2294"}],"curies":[{"name":"wp","href":"https:\/\/api.w.org\/{rel}","templated":true}]}}