{"id":2287,"date":"2022-02-26T20:27:33","date_gmt":"2022-02-26T23:27:33","guid":{"rendered":"https:\/\/focotocantinense.com.br\/?p=2287"},"modified":"2022-03-06T11:13:46","modified_gmt":"2022-03-06T14:13:46","slug":"tocantinia-realiza-abertura-do-programa-de-formacao-continuada-para-2022","status":"publish","type":"post","link":"https:\/\/focotocantinense.com.br\/?p=2287","title":{"rendered":"Tocant\u00ednia realiza abertura do Programa de Forma\u00e7\u00e3o Continuada para 2022"},"content":{"rendered":"\n<figure class=\"wp-block-image size-full is-resized\"><img loading=\"lazy\" decoding=\"async\" src=\"https:\/\/focotocantinense.com.br\/wp-content\/uploads\/2022\/02\/1-TOCANTINIA-FOTO-EDVALDO-XERENTE-3.png\" alt=\"\" class=\"wp-image-2289\" width=\"360\" height=\"194\" srcset=\"https:\/\/focotocantinense.com.br\/wp-content\/uploads\/2022\/02\/1-TOCANTINIA-FOTO-EDVALDO-XERENTE-3.png 892w, https:\/\/focotocantinense.com.br\/wp-content\/uploads\/2022\/02\/1-TOCANTINIA-FOTO-EDVALDO-XERENTE-3-300x163.png 300w, https:\/\/focotocantinense.com.br\/wp-content\/uploads\/2022\/02\/1-TOCANTINIA-FOTO-EDVALDO-XERENTE-3-768x417.png 768w\" sizes=\"auto, (max-width: 360px) 100vw, 360px\" \/><figcaption><strong>Por Zacarias Martins<\/strong><br>&nbsp;<br>A Prefeitura de Tocant\u00ednia, por meio da Secretaria Municipal de Educa\u00e7\u00e3o promoveu na sexta-feira (25), o primeiro m\u00f3dulo do Programa de Forma\u00e7\u00e3o Continuada da Rede Municipal de Educa\u00e7\u00e3o. O programa que existe desde 2018 conta com a assessoria da empresa Farol do Saber e outros parceiros como universidades e institutos.<br><br>O secret\u00e1rio de Educa\u00e7\u00e3o de Tocant\u00ednia, professor Andr\u00e9 Goveia, informou que neste primeiro encontro, diversos profissionais foram contemplados com o processo formativo que visa elevar a qualidade do processo de ensino e aprendizagem uma vez que todos contribuem dentro da rede de educa\u00e7\u00e3o para o desenvolvimento do ensino no tocante as condi\u00e7\u00f5es para o aluno estudar.   <br><br><strong>Biosseguran\u00e7a<\/strong><br>\u201cNesse m\u00f3dulo, dentre as tem\u00e1ticas trabalhadas tratou-se dos protocolos de biosseguran\u00e7a no transporte escolar, educa\u00e7\u00e3o para o tr\u00e2nsito e mec\u00e2nica b\u00e1sica onde participaram condutores e monitores de ve\u00edculos escolares buscando aprimorar a oferta e bom atendimento e acompanhamento aos alunos nesses servi\u00e7os dando condi\u00e7\u00f5es para a melhoria do acesso at\u00e9 as Unidades Escolares para os que dele necessitam\u201d, explicou o secret\u00e1rio.<\/figcaption><\/figure>\n","protected":false},"excerpt":{"rendered":"<p>Por Zacarias Martins&nbsp;A Prefeitura de Tocant\u00ednia, por meio da Secretaria Municipal de Educa\u00e7\u00e3o promoveu na sexta-feira (25), o primeiro m\u00f3dulo do Programa de Forma\u00e7\u00e3o Continuada da Rede Municipal de Educa\u00e7\u00e3o. O programa que existe desde 2018 conta com a assessoria da empresa Farol do Saber e outros parceiros como universidades e institutos.O secret\u00e1rio de Educa\u00e7\u00e3o &hellip;<\/p>\n","protected":false},"author":5,"featured_media":2289,"comment_status":"open","ping_status":"open","sticky":false,"template":"","format":"standard","meta":{"footnotes":""},"categories":[1,78],"tags":[],"class_list":["post-2287","post","type-post","status-publish","format-standard","has-post-thumbnail","","category-sem-categoria","category-tocantinia"],"_links":{"self":[{"href":"https:\/\/focotocantinense.com.br\/index.php?rest_route=\/wp\/v2\/posts\/2287","targetHints":{"allow":["GET"]}}],"collection":[{"href":"https:\/\/focotocantinense.com.br\/index.php?rest_route=\/wp\/v2\/posts"}],"about":[{"href":"https:\/\/focotocantinense.com.br\/index.php?rest_route=\/wp\/v2\/types\/post"}],"author":[{"embeddable":true,"href":"https:\/\/focotocantinense.com.br\/index.php?rest_route=\/wp\/v2\/users\/5"}],"replies":[{"embeddable":true,"href":"https:\/\/focotocantinense.com.br\/index.php?rest_route=%2Fwp%2Fv2%2Fcomments&post=2287"}],"version-history":[{"count":5,"href":"https:\/\/focotocantinense.com.br\/index.php?rest_route=\/wp\/v2\/posts\/2287\/revisions"}],"predecessor-version":[{"id":2299,"href":"https:\/\/focotocantinense.com.br\/index.php?rest_route=\/wp\/v2\/posts\/2287\/revisions\/2299"}],"wp:featuredmedia":[{"embeddable":true,"href":"https:\/\/focotocantinense.com.br\/index.php?rest_route=\/wp\/v2\/media\/2289"}],"wp:attachment":[{"href":"https:\/\/focotocantinense.com.br\/index.php?rest_route=%2Fwp%2Fv2%2Fmedia&parent=2287"}],"wp:term":[{"taxonomy":"category","embeddable":true,"href":"https:\/\/focotocantinense.com.br\/index.php?rest_route=%2Fwp%2Fv2%2Fcategories&post=2287"},{"taxonomy":"post_tag","embeddable":true,"href":"https:\/\/focotocantinense.com.br\/index.php?rest_route=%2Fwp%2Fv2%2Ftags&post=2287"}],"curies":[{"name":"wp","href":"https:\/\/api.w.org\/{rel}","templated":true}]}}