{"id":2247,"date":"2022-02-25T18:02:14","date_gmt":"2022-02-25T21:02:14","guid":{"rendered":"http:\/\/focotocantinense.com.br\/?p=2247"},"modified":"2022-02-25T18:02:15","modified_gmt":"2022-02-25T21:02:15","slug":"governador-wanderlei-barbosa-autoriza-mais-de-r-2-milhoes-em-obras-para-assentamentos-em-buriti-do-tocantins","status":"publish","type":"post","link":"https:\/\/focotocantinense.com.br\/?p=2247","title":{"rendered":"Governador Wanderlei Barbosa autoriza mais de R$ 2 milh\u00f5es em obras para assentamentos em Buriti do Tocantins"},"content":{"rendered":"\n<p><em>Obras fazem parte do Programa de Fortalecimento da Economia e Gera\u00e7\u00e3o de Empregos, idealizado pelo Governo do Estado<br><\/em><br><strong>Jarbas Coutinho\/Governo do Tocantins<br><\/strong><\/p>\n\n\n\n<p>Com a perspectiva de gera\u00e7\u00e3o de emprego e renda no Estado, bem como de melhorar a infraestrutura e a qualidade de vida da popula\u00e7\u00e3o tocantinense, o governador do Tocantins em exerc\u00edcio, Wanderlei Barbosa, participou na manh\u00e3 desta sexta-feira, 25, no munic\u00edpio de Buriti do Tocantins, da solenidade de assinatura da Ordem de Servi\u00e7o para execu\u00e7\u00e3o de obras de infraestrutura em tr\u00eas projetos de assentamento da cidade. As obras fazem parte do Programa de Fortalecimento da Economia e Gera\u00e7\u00e3o de Empregos, idealizado pelo Governo do Estado.<\/p>\n\n\n\n<p>Ser\u00e3o realizadas obras de pavimenta\u00e7\u00e3o em bloquetes de ruas e avenidas dos projetos de assentamento Boa Sorte, Sossego e Cana\u00e3.<\/p>\n\n\n\n<p>As obras ser\u00e3o executadas pela empresa JKS Alves e Cia LTDA e v\u00e3o demandar um investimento de R$ 2.001.360,78, recurso oriundo do conv\u00eanio assinado entre o Governo do Tocantins e a prefeitura local, que prev\u00ea o repasse de R$ 2 milh\u00f5es para obras estruturantes no munic\u00edpio.<\/p>\n\n\n\n<p>O governador Wanderlei&nbsp;Barbosa&nbsp;destacou a oportunidade de ajudar a implantar o cal\u00e7amento dos povoados e que, no seu Governo, as parcerias s\u00e3o importantes para levar o que o povo precisa. &#8220;Em nossa gest\u00e3o, prefeitos, vereadores e deputados s\u00e3o parceiros. Com esse programa, os prefeitos priorizam as obras e n\u00f3s estabelecemos um conv\u00eanio para o repasse dos recursos, como estamos fazendo aqui em Buriti. Essa \u00e9 a nossa forma de trabalhar, fazendo o que o povo precisa&#8221;, ressaltou.<\/p>\n\n\n\n<p><strong>Quadra de esportes<\/strong><\/p>\n\n\n\n<p>O governador Wanderlei Barbosa tamb\u00e9m participou da solenidade de inaugura\u00e7\u00e3o da Escola Municipal Amiguinhos de Jesus, no povoado Centro dos Ferreiras, onde foi autorizado, pelo Governador, o in\u00edcio das obras da quadra poliesportiva no povoado, or\u00e7ada em R$ 500 mil. &#8220;Estamos felizes em participar da inaugura\u00e7\u00e3o dessa escola, porque entendemos que \u00e9 por meio da educa\u00e7\u00e3o que vamos desenvolver o Estado. Essa quadra de Esportes est\u00e1 inserida neste contexto da Educa\u00e7\u00e3o, porque o esporte permite tirar os nossos jovens da ociosidade&#8221;, frisou.<\/p>\n\n\n\n<p>&#8220;Estou infinitamente grata pelo desprendimento do governador Wanderlei Barbosa em celebrar esse conv\u00eanio, que vai permitir realizar o cal\u00e7amento dos tr\u00eas povoados dos assentamentos rurais e tamb\u00e9m as obras desta quadra de esportes para a comunidade aqui do Centro dos Ferreiras&#8221;, ressaltou a prefeita de Buriti, Lucilene Brito. Ela afirmou que essa era uma demanda antiga da comunidade local, que agora come\u00e7a a se tornar realidade para melhorar a qualidade de vida das pessoas do lugar.<\/p>\n\n\n\n<p><strong>Programa<\/strong><\/p>\n\n\n\n<p>O Programa de Fortalecimento da Economia e Gera\u00e7\u00e3o de Empregos visa ao fortalecimento da economia e \u00e0 gera\u00e7\u00e3o de empregos para a popula\u00e7\u00e3o nos 139 munic\u00edpios do Estado. O programa prev\u00ea um aporte financeiro de R$ 2 milh\u00f5es por munic\u00edpio. A partir do momento em que os prefeitos apresentarem os projetos relacionados a cada eixo do programa, imediatamente poder\u00e3o licitar suas obras e o Governo do Tocantins repassar\u00e1 o recurso necess\u00e1rio para que o munic\u00edpio implante as obras estruturantes como cal\u00e7adas, asfalto, pra\u00e7a, posto de sa\u00fade e estradas vicinais, entre outras. Outra facilidade \u00e9 que o Governo do Tocantins disponibiliza equipe t\u00e9cnica aos prefeitos para elabora\u00e7\u00e3o dos projetos.<\/p>\n\n\n\n<p>Os eventos contaram com a presen\u00e7a dos deputados da regi\u00e3o, prefeitos, vereadores e lideres pol\u00edticos.<\/p>\n","protected":false},"excerpt":{"rendered":"<p>Obras fazem parte do Programa de Fortalecimento da Economia e Gera\u00e7\u00e3o de Empregos, idealizado pelo Governo do EstadoJarbas Coutinho\/Governo do Tocantins Com a perspectiva de gera\u00e7\u00e3o de emprego e renda no Estado, bem como de melhorar a infraestrutura e a qualidade de vida da popula\u00e7\u00e3o tocantinense, o governador do Tocantins em exerc\u00edcio, Wanderlei Barbosa, participou &hellip;<\/p>\n","protected":false},"author":5,"featured_media":2248,"comment_status":"open","ping_status":"open","sticky":false,"template":"","format":"standard","meta":{"footnotes":""},"categories":[1],"tags":[],"class_list":["post-2247","post","type-post","status-publish","format-standard","has-post-thumbnail","","category-sem-categoria"],"_links":{"self":[{"href":"https:\/\/focotocantinense.com.br\/index.php?rest_route=\/wp\/v2\/posts\/2247","targetHints":{"allow":["GET"]}}],"collection":[{"href":"https:\/\/focotocantinense.com.br\/index.php?rest_route=\/wp\/v2\/posts"}],"about":[{"href":"https:\/\/focotocantinense.com.br\/index.php?rest_route=\/wp\/v2\/types\/post"}],"author":[{"embeddable":true,"href":"https:\/\/focotocantinense.com.br\/index.php?rest_route=\/wp\/v2\/users\/5"}],"replies":[{"embeddable":true,"href":"https:\/\/focotocantinense.com.br\/index.php?rest_route=%2Fwp%2Fv2%2Fcomments&post=2247"}],"version-history":[{"count":1,"href":"https:\/\/focotocantinense.com.br\/index.php?rest_route=\/wp\/v2\/posts\/2247\/revisions"}],"predecessor-version":[{"id":2249,"href":"https:\/\/focotocantinense.com.br\/index.php?rest_route=\/wp\/v2\/posts\/2247\/revisions\/2249"}],"wp:featuredmedia":[{"embeddable":true,"href":"https:\/\/focotocantinense.com.br\/index.php?rest_route=\/wp\/v2\/media\/2248"}],"wp:attachment":[{"href":"https:\/\/focotocantinense.com.br\/index.php?rest_route=%2Fwp%2Fv2%2Fmedia&parent=2247"}],"wp:term":[{"taxonomy":"category","embeddable":true,"href":"https:\/\/focotocantinense.com.br\/index.php?rest_route=%2Fwp%2Fv2%2Fcategories&post=2247"},{"taxonomy":"post_tag","embeddable":true,"href":"https:\/\/focotocantinense.com.br\/index.php?rest_route=%2Fwp%2Fv2%2Ftags&post=2247"}],"curies":[{"name":"wp","href":"https:\/\/api.w.org\/{rel}","templated":true}]}}