{"id":2244,"date":"2022-02-25T17:33:54","date_gmt":"2022-02-25T20:33:54","guid":{"rendered":"https:\/\/focotocantinense.com.br\/?p=2244"},"modified":"2022-02-25T17:35:37","modified_gmt":"2022-02-25T20:35:37","slug":"antonio-andrade-recebe-permissionarios-de-transporte-publico-do-estado-e-garante-apoio-a-demandas","status":"publish","type":"post","link":"https:\/\/focotocantinense.com.br\/?p=2244","title":{"rendered":"Antonio Andrade recebe permission\u00e1rios de transporte p\u00fablico do Estado e garante apoio a demandas"},"content":{"rendered":"\n<figure class=\"wp-block-image size-full is-resized\"><img loading=\"lazy\" decoding=\"async\" src=\"https:\/\/focotocantinense.com.br\/wp-content\/uploads\/2022\/02\/AAA-1.jpg\" alt=\"\" class=\"wp-image-2245\" width=\"360\" height=\"218\" srcset=\"https:\/\/focotocantinense.com.br\/wp-content\/uploads\/2022\/02\/AAA-1.jpg 763w, https:\/\/focotocantinense.com.br\/wp-content\/uploads\/2022\/02\/AAA-1-300x182.jpg 300w\" sizes=\"auto, (max-width: 360px) 100vw, 360px\" \/><figcaption>Nesta quarta-feira, 23, o presidente da Assembleia Legislativa do Tocantins (Aleto), deputado Antonio Andrade, recebeu em seu gabinete, permission\u00e1rios do transporte p\u00fablico alternativo e convencional do Estado, com o objetivo de ouvir as demandas da categoria.<br><br>Segundo, Rildo Mundim Rios, vice-presidente do Sindicato de Transporte de Passageiros do Tocantins, entre as reivindica\u00e7\u00f5es est\u00e1 a busca por mais seguran\u00e7a para investir no setor.<br>\u201cPrecisamos ter mais seguran\u00e7a nas nossas concess\u00f5es, hoje as permiss\u00f5es s\u00e3o de um ano e este prazo precisa ser ampliado, para assim podermos investir cada vez mais em frota e pessoal\u201d, pontuou Rildo.<br>Stalin Bucar, presidente da ATR, que tamb\u00e9m presente no encontro, explicou que ele tem buscado abrir as portas da Ag\u00eancia para ouvir as necessidades dos mais diversos setores, sempre com foco na melhoria da presta\u00e7\u00e3o do servi\u00e7o ao usu\u00e1rio.<br>\u201cNa nossa gest\u00e3o adotamos a pol\u00edtica de ouvir a todos, na busca de solu\u00e7\u00f5es que tragam benef\u00edcios principalmente para o usu\u00e1rio\u201d, disse Stalin.<br>Antonio Andrade acolheu os pedidos dos permission\u00e1rios e garantiu apoio na busca por mais seguran\u00e7a, ele lembrou a import\u00e2ncia de fortalecer as empresas que geram empregos para centenas de pais de fam\u00edlias.<br><br>\u201cPrecisamos pensar a cadeia do transporte de passageiros como um todo, buscar constantemente melhorias, atender aos usu\u00e1rios com seguran\u00e7a e garantir condi\u00e7\u00f5es para que as empresas tocantinenses continuem gerando emprego e renda\u201d, disse Andrade.<\/figcaption><\/figure>\n","protected":false},"excerpt":{"rendered":"<p>Nesta quarta-feira, 23, o presidente da Assembleia Legislativa do Tocantins (Aleto), deputado Antonio Andrade, recebeu em seu gabinete, permission\u00e1rios do transporte p\u00fablico alternativo e convencional do Estado, com o objetivo de ouvir as demandas da categoria.Segundo, Rildo Mundim Rios, vice-presidente do Sindicato de Transporte de Passageiros do Tocantins, entre as reivindica\u00e7\u00f5es est\u00e1 a busca por &hellip;<\/p>\n","protected":false},"author":5,"featured_media":2245,"comment_status":"open","ping_status":"open","sticky":false,"template":"","format":"standard","meta":{"footnotes":""},"categories":[40],"tags":[],"class_list":["post-2244","post","type-post","status-publish","format-standard","has-post-thumbnail","","category-politica"],"_links":{"self":[{"href":"https:\/\/focotocantinense.com.br\/index.php?rest_route=\/wp\/v2\/posts\/2244","targetHints":{"allow":["GET"]}}],"collection":[{"href":"https:\/\/focotocantinense.com.br\/index.php?rest_route=\/wp\/v2\/posts"}],"about":[{"href":"https:\/\/focotocantinense.com.br\/index.php?rest_route=\/wp\/v2\/types\/post"}],"author":[{"embeddable":true,"href":"https:\/\/focotocantinense.com.br\/index.php?rest_route=\/wp\/v2\/users\/5"}],"replies":[{"embeddable":true,"href":"https:\/\/focotocantinense.com.br\/index.php?rest_route=%2Fwp%2Fv2%2Fcomments&post=2244"}],"version-history":[{"count":1,"href":"https:\/\/focotocantinense.com.br\/index.php?rest_route=\/wp\/v2\/posts\/2244\/revisions"}],"predecessor-version":[{"id":2246,"href":"https:\/\/focotocantinense.com.br\/index.php?rest_route=\/wp\/v2\/posts\/2244\/revisions\/2246"}],"wp:featuredmedia":[{"embeddable":true,"href":"https:\/\/focotocantinense.com.br\/index.php?rest_route=\/wp\/v2\/media\/2245"}],"wp:attachment":[{"href":"https:\/\/focotocantinense.com.br\/index.php?rest_route=%2Fwp%2Fv2%2Fmedia&parent=2244"}],"wp:term":[{"taxonomy":"category","embeddable":true,"href":"https:\/\/focotocantinense.com.br\/index.php?rest_route=%2Fwp%2Fv2%2Fcategories&post=2244"},{"taxonomy":"post_tag","embeddable":true,"href":"https:\/\/focotocantinense.com.br\/index.php?rest_route=%2Fwp%2Fv2%2Ftags&post=2244"}],"curies":[{"name":"wp","href":"https:\/\/api.w.org\/{rel}","templated":true}]}}