{"id":2239,"date":"2022-02-25T17:20:53","date_gmt":"2022-02-25T20:20:53","guid":{"rendered":"https:\/\/focotocantinense.com.br\/?p=2239"},"modified":"2022-02-25T17:25:07","modified_gmt":"2022-02-25T20:25:07","slug":"prefeita-cinthia-ribeiro-e-deputada-dorinha-seabra-discutem-emendas-parlamentares-para-palmas","status":"publish","type":"post","link":"https:\/\/focotocantinense.com.br\/?p=2239","title":{"rendered":"Prefeita Cinthia Ribeiro e deputada Dorinha Seabra discutem emendas parlamentares para Palmas"},"content":{"rendered":"\n<figure class=\"wp-block-image size-full is-resized\"><img loading=\"lazy\" decoding=\"async\" src=\"https:\/\/focotocantinense.com.br\/wp-content\/uploads\/2022\/02\/AAA.jpg\" alt=\"\" class=\"wp-image-2240\" width=\"409\" height=\"231\" srcset=\"https:\/\/focotocantinense.com.br\/wp-content\/uploads\/2022\/02\/AAA.jpg 918w, https:\/\/focotocantinense.com.br\/wp-content\/uploads\/2022\/02\/AAA-300x169.jpg 300w, https:\/\/focotocantinense.com.br\/wp-content\/uploads\/2022\/02\/AAA-768x433.jpg 768w\" sizes=\"auto, (max-width: 409px) 100vw, 409px\" \/><figcaption><br>A prefeita de Palmas, Cinthia Ribeiro, recebeu nesta sexta-feira, 25, em seu gabinete, na avenida JK, a deputada federal Dorinha Seabra. Durante o encontro, que contou com a presen\u00e7a do secret\u00e1rio de Governo, Rog\u00e9rio Ramos, foi tratado de assuntos como a destina\u00e7\u00e3o de emendas para o munic\u00edpio de Palmas e as elei\u00e7\u00f5es 2022.<br><br>Na oportunidade, a prefeita reconheceu e agradeceu a parlamentar pela atua\u00e7\u00e3o em favor dos palmenses. \u201c\u00c9 bom saber que podemos contar com uma parlamentar atuante como a professora Dorinha. Juntas, j\u00e1 fizemos muito por Palmas e pretendemos continuar fazendo\u201d, destacou Cinthia.<br><br>A parlamentar, que j\u00e1 soma tr\u00eas mandatos como deputada federal, por sua vez, reiterou o seu compromisso com Palmas. \u201cFoi uma conversa sobre o Tocantins, sobre Palmas. Tenho um grande respeito pelo trabalho da prefeita Cinthia Ribeiro. A gente anda pela cidade inteira e ver a presen\u00e7a dela na responsabilidade e no cuidado com as pessoas, a sa\u00fade e a educa\u00e7\u00e3o\u201d, destacou.<\/figcaption><\/figure>\n","protected":false},"excerpt":{"rendered":"<p>A prefeita de Palmas, Cinthia Ribeiro, recebeu nesta sexta-feira, 25, em seu gabinete, na avenida JK, a deputada federal Dorinha Seabra. Durante o encontro, que contou com a presen\u00e7a do secret\u00e1rio de Governo, Rog\u00e9rio Ramos, foi tratado de assuntos como a destina\u00e7\u00e3o de emendas para o munic\u00edpio de Palmas e as elei\u00e7\u00f5es 2022.Na oportunidade, a &hellip;<\/p>\n","protected":false},"author":5,"featured_media":2240,"comment_status":"open","ping_status":"open","sticky":false,"template":"","format":"standard","meta":{"footnotes":""},"categories":[37,1],"tags":[],"class_list":["post-2239","post","type-post","status-publish","format-standard","has-post-thumbnail","","category-palmas","category-sem-categoria"],"_links":{"self":[{"href":"https:\/\/focotocantinense.com.br\/index.php?rest_route=\/wp\/v2\/posts\/2239","targetHints":{"allow":["GET"]}}],"collection":[{"href":"https:\/\/focotocantinense.com.br\/index.php?rest_route=\/wp\/v2\/posts"}],"about":[{"href":"https:\/\/focotocantinense.com.br\/index.php?rest_route=\/wp\/v2\/types\/post"}],"author":[{"embeddable":true,"href":"https:\/\/focotocantinense.com.br\/index.php?rest_route=\/wp\/v2\/users\/5"}],"replies":[{"embeddable":true,"href":"https:\/\/focotocantinense.com.br\/index.php?rest_route=%2Fwp%2Fv2%2Fcomments&post=2239"}],"version-history":[{"count":3,"href":"https:\/\/focotocantinense.com.br\/index.php?rest_route=\/wp\/v2\/posts\/2239\/revisions"}],"predecessor-version":[{"id":2243,"href":"https:\/\/focotocantinense.com.br\/index.php?rest_route=\/wp\/v2\/posts\/2239\/revisions\/2243"}],"wp:featuredmedia":[{"embeddable":true,"href":"https:\/\/focotocantinense.com.br\/index.php?rest_route=\/wp\/v2\/media\/2240"}],"wp:attachment":[{"href":"https:\/\/focotocantinense.com.br\/index.php?rest_route=%2Fwp%2Fv2%2Fmedia&parent=2239"}],"wp:term":[{"taxonomy":"category","embeddable":true,"href":"https:\/\/focotocantinense.com.br\/index.php?rest_route=%2Fwp%2Fv2%2Fcategories&post=2239"},{"taxonomy":"post_tag","embeddable":true,"href":"https:\/\/focotocantinense.com.br\/index.php?rest_route=%2Fwp%2Fv2%2Ftags&post=2239"}],"curies":[{"name":"wp","href":"https:\/\/api.w.org\/{rel}","templated":true}]}}