{"id":2232,"date":"2022-02-25T12:02:43","date_gmt":"2022-02-25T15:02:43","guid":{"rendered":"https:\/\/focotocantinense.com.br\/?p=2232"},"modified":"2022-02-25T12:04:56","modified_gmt":"2022-02-25T15:04:56","slug":"tocantinia-retoma-atividades-preventivas-de-saude-bucal-nas-escolas-municipais","status":"publish","type":"post","link":"https:\/\/focotocantinense.com.br\/?p=2232","title":{"rendered":"Tocant\u00ednia retoma atividades preventivas de sa\u00fade bucal nas escolas municipais"},"content":{"rendered":"\n<figure class=\"wp-block-image size-full is-resized\"><img loading=\"lazy\" decoding=\"async\" src=\"https:\/\/focotocantinense.com.br\/wp-content\/uploads\/2022\/02\/444.jpg\" alt=\"\" class=\"wp-image-2233\" width=\"323\" height=\"200\" srcset=\"https:\/\/focotocantinense.com.br\/wp-content\/uploads\/2022\/02\/444.jpg 825w, https:\/\/focotocantinense.com.br\/wp-content\/uploads\/2022\/02\/444-300x185.jpg 300w, https:\/\/focotocantinense.com.br\/wp-content\/uploads\/2022\/02\/444-768x475.jpg 768w\" sizes=\"auto, (max-width: 323px) 100vw, 323px\" \/><figcaption><br>A Prefeitura de Tocant\u00ednia, por meio da Secretaria Municipal de Sa\u00fade, retoma \u00e0s a\u00e7\u00f5es preventivas de sa\u00fade bucal com a volta das aulas presenciais nas escolas da Rede Municipal de Educa\u00e7\u00e3o.<br><br>A odont\u00f3loga do munic\u00edpio&nbsp; Maria Lu\u00edsa Cardoso explica que essas atividades desenvolvidas com os alunos foram suspensas por causa da pandemia e com o retorno das aulas presenciais as a\u00e7\u00f5es est\u00e3o sendo retomadas novamente. \u201c\u00c9 muito importante trabalhar com a preven\u00e7\u00e3o odontol\u00f3gica, conscientizando e envolvendo as crian\u00e7as para cuidar da sa\u00fade bucal. Passando orienta\u00e7\u00e3o e ensinando a maneira correta de escova\u00e7\u00e3o para evitar a c\u00e1rie dent\u00e1ria. Ap\u00f3s a orienta\u00e7\u00e3o, as crian\u00e7as passam por uma breve avalia\u00e7\u00e3o e os que necessitarem de tratamento s\u00e3o encaminhados para a UBS onde ir\u00e3o receber os cuidados que precisam\u201d destacou.<br><br>A secret\u00e1ria de Sa\u00fade, Maria Zenite Cardoso refor\u00e7ou que a higiene bucal \u00e9 um h\u00e1bito importante que evita s\u00e9rios problemas de sa\u00fade no futuro de uma pessoa, ressaltando que por isso, deve ser estimulada ainda na inf\u00e2ncia por meio de um trabalho conjunto entre a escola e a fam\u00edlia.&nbsp; &#8220;Al\u00e9m dos profissionais de sa\u00fade orientarem e ensinarem sobre&nbsp; os cuidados, o munic\u00edpio tamb\u00e9m entrega os kits de higiene para os alunos das escolas municipais&#8220;, frisou a secret\u00e1ria.<br><br>O secret\u00e1rio de Educa\u00e7\u00e3o Andr\u00e9 Goveia&nbsp;explicou&nbsp; que a parceria com a Secretaria Municipal de Sa\u00fade vem dando bastante resultados promissores porque os alunos recebem nas escolas a informa\u00e7\u00e3o e educa\u00e7\u00e3o dos profissionais sobre a preven\u00e7\u00e3o de doen\u00e7as. &nbsp;<br>&nbsp;<\/figcaption><\/figure>\n\n\n\n\n\n<figure class=\"wp-block-image size-full is-resized\"><img loading=\"lazy\" decoding=\"async\" src=\"https:\/\/focotocantinense.com.br\/wp-content\/uploads\/2022\/02\/333.jpg\" alt=\"\" class=\"wp-image-2235\" width=\"753\" height=\"539\" srcset=\"https:\/\/focotocantinense.com.br\/wp-content\/uploads\/2022\/02\/333.jpg 683w, https:\/\/focotocantinense.com.br\/wp-content\/uploads\/2022\/02\/333-300x215.jpg 300w\" sizes=\"auto, (max-width: 753px) 100vw, 753px\" \/><\/figure>\n\n\n\n<figure class=\"wp-block-image size-full\"><img loading=\"lazy\" decoding=\"async\" width=\"763\" height=\"493\" src=\"https:\/\/focotocantinense.com.br\/wp-content\/uploads\/2022\/02\/2222-2.jpg\" alt=\"\" class=\"wp-image-2236\" srcset=\"https:\/\/focotocantinense.com.br\/wp-content\/uploads\/2022\/02\/2222-2.jpg 763w, https:\/\/focotocantinense.com.br\/wp-content\/uploads\/2022\/02\/2222-2-300x194.jpg 300w\" sizes=\"auto, (max-width: 763px) 100vw, 763px\" \/><\/figure>\n","protected":false},"excerpt":{"rendered":"<p>A Prefeitura de Tocant\u00ednia, por meio da Secretaria Municipal de Sa\u00fade, retoma \u00e0s a\u00e7\u00f5es preventivas de sa\u00fade bucal com a volta das aulas presenciais nas escolas da Rede Municipal de Educa\u00e7\u00e3o.A odont\u00f3loga do munic\u00edpio&nbsp; Maria Lu\u00edsa Cardoso explica que essas atividades desenvolvidas com os alunos foram suspensas por causa da pandemia e com o retorno &hellip;<\/p>\n","protected":false},"author":5,"featured_media":2236,"comment_status":"open","ping_status":"open","sticky":false,"template":"","format":"standard","meta":{"footnotes":""},"categories":[1,78],"tags":[],"class_list":["post-2232","post","type-post","status-publish","format-standard","has-post-thumbnail","","category-sem-categoria","category-tocantinia"],"_links":{"self":[{"href":"https:\/\/focotocantinense.com.br\/index.php?rest_route=\/wp\/v2\/posts\/2232","targetHints":{"allow":["GET"]}}],"collection":[{"href":"https:\/\/focotocantinense.com.br\/index.php?rest_route=\/wp\/v2\/posts"}],"about":[{"href":"https:\/\/focotocantinense.com.br\/index.php?rest_route=\/wp\/v2\/types\/post"}],"author":[{"embeddable":true,"href":"https:\/\/focotocantinense.com.br\/index.php?rest_route=\/wp\/v2\/users\/5"}],"replies":[{"embeddable":true,"href":"https:\/\/focotocantinense.com.br\/index.php?rest_route=%2Fwp%2Fv2%2Fcomments&post=2232"}],"version-history":[{"count":2,"href":"https:\/\/focotocantinense.com.br\/index.php?rest_route=\/wp\/v2\/posts\/2232\/revisions"}],"predecessor-version":[{"id":2238,"href":"https:\/\/focotocantinense.com.br\/index.php?rest_route=\/wp\/v2\/posts\/2232\/revisions\/2238"}],"wp:featuredmedia":[{"embeddable":true,"href":"https:\/\/focotocantinense.com.br\/index.php?rest_route=\/wp\/v2\/media\/2236"}],"wp:attachment":[{"href":"https:\/\/focotocantinense.com.br\/index.php?rest_route=%2Fwp%2Fv2%2Fmedia&parent=2232"}],"wp:term":[{"taxonomy":"category","embeddable":true,"href":"https:\/\/focotocantinense.com.br\/index.php?rest_route=%2Fwp%2Fv2%2Fcategories&post=2232"},{"taxonomy":"post_tag","embeddable":true,"href":"https:\/\/focotocantinense.com.br\/index.php?rest_route=%2Fwp%2Fv2%2Ftags&post=2232"}],"curies":[{"name":"wp","href":"https:\/\/api.w.org\/{rel}","templated":true}]}}