{"id":2215,"date":"2022-02-23T15:00:30","date_gmt":"2022-02-23T18:00:30","guid":{"rendered":"https:\/\/focotocantinense.com.br\/?p=2215"},"modified":"2022-02-23T15:25:42","modified_gmt":"2022-02-23T18:25:42","slug":"governo-do-tocantins-promove-reuniao-on-line-para-elaboracao-do-plano-de-acao-do-programa-crianca-feliz","status":"publish","type":"post","link":"https:\/\/focotocantinense.com.br\/?p=2215","title":{"rendered":"Governo do Tocantins promove reuni\u00e3o on-line para elabora\u00e7\u00e3o do plano de a\u00e7\u00e3o do Programa Crian\u00e7a Feliz"},"content":{"rendered":"\r\n\t\t<div class=\"review_wrap\">\r\n\t\t\t<div id=\"review-box\" class=\"review-box review-top review-stars\">\r\n\t\t\t\t<div class=\"review-summary\">\r\n\t\t\t\t\t<div class=\"review-final-score\">\r\n\t\t\t\t\t\t<span title=\"\" class=\"post-large-rate stars-large\"><span style=\"width:0%\"><\/span><\/span>\r\n\t\t\t\t\t\t<h4><\/h4>\r\n\t\t\t\t\t<\/div>\r\n\t\t\t\t\r\n\t\t\t\t<div class=\"review-short-summary\">\r\n\t\t\t\t<\/div>\r\n\t\t\t<\/div>\r\n\t\t\t\r\n\t\t\t<div class=\"user-rate-wrap\">\r\n\t\t\t\t<span class=\"user-rating-text\">\r\n\t\t\t\t\t<strong>Avalia\u00e7\u00e3o do Usu\u00e1rio: <\/strong>\r\n\t\t\t\t\t<span class=\"taq-score\"><\/span>\r\n\t\t\t\t\t<small>Seja o primeiro!<\/small>\r\n\t\t\t\t<\/span>\r\n\r\n\t\t\t\t<div data-rate=\"0\" data-id=\"2215\" class=\"user-rate taq-user-rate-active\">\r\n\t\t\t\t\t<span class=\"user-rate-image post-large-rate stars-large\">\r\n\t\t\t\t\t\t<span style=\"width:0%\"><\/span>\r\n\t\t\t\t\t<\/span>\r\n\t\t\t\t<\/div>\r\n\r\n\t\t\t\t<div class=\"taq-clear\"><\/div>\r\n\r\n\t\t\t<\/div>\r\n\t\t<\/div>\r\n\t<\/div>\n<p>Com o objetivo de organizar o planejamento de a\u00e7\u00e3o dos munic\u00edpios com ades\u00e3o ao Programa Crian\u00e7a Feliz (PCF), o Governo do Tocantins, por meio da Secretaria Estadual do Trabalho e Desenvolvimento Social (Setas), realiza na quinta-feira, 24, uma reuni\u00e3o, on-line, para elabora\u00e7\u00e3o do Plano de A\u00e7\u00e3o do Programa Crian\u00e7a Feliz (PCF). O evento, com in\u00edcio \u00e0s 8h30, \u00e9 uma a\u00e7\u00e3o da Ger\u00eancia de Prote\u00e7\u00e3o B\u00e1sica da Setas, por meio da Coordena\u00e7\u00e3o Estadual do Programa Crian\u00e7a Feliz.<\/p>\n\n\n\n<p>Com o objetivo de organizar o planejamento de a\u00e7\u00e3o dos munic\u00edpios com ades\u00e3o<\/p>\n","protected":false},"excerpt":{"rendered":"<p>Com o objetivo de organizar o planejamento de a\u00e7\u00e3o dos munic\u00edpios com ades\u00e3o ao Programa Crian\u00e7a Feliz (PCF), o Governo do Tocantins, por meio da Secretaria Estadual do Trabalho e Desenvolvimento Social (Setas), realiza na quinta-feira, 24, uma reuni\u00e3o, on-line, para elabora\u00e7\u00e3o do Plano de A\u00e7\u00e3o do Programa Crian\u00e7a Feliz (PCF). O evento, com in\u00edcio &hellip;<\/p>\n","protected":false},"author":1,"featured_media":2210,"comment_status":"open","ping_status":"open","sticky":false,"template":"","format":"standard","meta":{"footnotes":""},"categories":[39],"tags":[],"class_list":["post-2215","post","type-post","status-publish","format-standard","has-post-thumbnail","","category-estado"],"_links":{"self":[{"href":"https:\/\/focotocantinense.com.br\/index.php?rest_route=\/wp\/v2\/posts\/2215","targetHints":{"allow":["GET"]}}],"collection":[{"href":"https:\/\/focotocantinense.com.br\/index.php?rest_route=\/wp\/v2\/posts"}],"about":[{"href":"https:\/\/focotocantinense.com.br\/index.php?rest_route=\/wp\/v2\/types\/post"}],"author":[{"embeddable":true,"href":"https:\/\/focotocantinense.com.br\/index.php?rest_route=\/wp\/v2\/users\/1"}],"replies":[{"embeddable":true,"href":"https:\/\/focotocantinense.com.br\/index.php?rest_route=%2Fwp%2Fv2%2Fcomments&post=2215"}],"version-history":[{"count":11,"href":"https:\/\/focotocantinense.com.br\/index.php?rest_route=\/wp\/v2\/posts\/2215\/revisions"}],"predecessor-version":[{"id":2231,"href":"https:\/\/focotocantinense.com.br\/index.php?rest_route=\/wp\/v2\/posts\/2215\/revisions\/2231"}],"wp:featuredmedia":[{"embeddable":true,"href":"https:\/\/focotocantinense.com.br\/index.php?rest_route=\/wp\/v2\/media\/2210"}],"wp:attachment":[{"href":"https:\/\/focotocantinense.com.br\/index.php?rest_route=%2Fwp%2Fv2%2Fmedia&parent=2215"}],"wp:term":[{"taxonomy":"category","embeddable":true,"href":"https:\/\/focotocantinense.com.br\/index.php?rest_route=%2Fwp%2Fv2%2Fcategories&post=2215"},{"taxonomy":"post_tag","embeddable":true,"href":"https:\/\/focotocantinense.com.br\/index.php?rest_route=%2Fwp%2Fv2%2Ftags&post=2215"}],"curies":[{"name":"wp","href":"https:\/\/api.w.org\/{rel}","templated":true}]}}