{"id":2193,"date":"2022-02-22T17:27:35","date_gmt":"2022-02-22T20:27:35","guid":{"rendered":"https:\/\/focotocantinense.com.br\/?p=2193"},"modified":"2022-02-22T17:30:00","modified_gmt":"2022-02-22T20:30:00","slug":"antonio-andrade-garante-apoio-para-projeto-de-capacitacao-de-gestores-municipais","status":"publish","type":"post","link":"https:\/\/focotocantinense.com.br\/?p=2193","title":{"rendered":"Antonio Andrade garante apoio para projeto de capacita\u00e7\u00e3o de gestores municipais"},"content":{"rendered":"\n<figure class=\"wp-block-image size-full is-resized\"><img loading=\"lazy\" decoding=\"async\" src=\"https:\/\/focotocantinense.com.br\/wp-content\/uploads\/2022\/02\/AAAAA-1.jpg\" alt=\"\" class=\"wp-image-2194\" width=\"390\" height=\"237\"\/><figcaption><br>O&nbsp;presidente da Assembleia Legislativa do Tocantins, deputado Antonio Andrade, recebeu em seu gabinete o presidente da Associa\u00e7\u00e3o Tocantinense de Munic\u00edpios (ATM) e prefeito de Talism\u00e3, Diogo Borges. Durante o encontro o representante dos gestores municipais apresentou uma ideia de projeto, originada pelo conselheiro do Tribunal de Contas do Estado (TCE), Andr\u00e9 Luiz de Matos Gon\u00e7alves, sobre capacita\u00e7\u00f5es voltadas aos prefeitos e servidores municipais a cerca de Direito Financeiro e presta\u00e7\u00f5es de contas dos Munic\u00edpios.&nbsp;<br><br>\u201cEm conversas com o Conselheiro Andr\u00e9, surgiu a ideia de executarmos um projeto que vise o treinamento dos gestores municipais sobre a legisla\u00e7\u00e3o que rege as presta\u00e7\u00f5es de contas, para que possamos evitar cada vez mais as rejei\u00e7\u00f5es (de contas)\u201d, disse o presidente da ATM. Segundo Diogo Borges, a proposta \u00e9 que as capacita\u00e7\u00f5es sejam itinerantes, realizadas nas regionais.&nbsp;<br><br>Para tanto, o projeto utilizaria os recursos humanos, materiais e tecnol\u00f3gicos da Escola do Legislativo do Tocantins, que dariam o suporte necess\u00e1rio aos facilitadores, advindos do corpo de t\u00e9cnicos do Tribunal de Contas. A ATM entraria com sua capilaridade em mobilizar gestores e servidores a participarem dos treinamentos.&nbsp;<br><br>\u201cColocamos a Assembleia Legislativa \u00e0 disposi\u00e7\u00e3o do projeto; nossa Escola, audit\u00f3rio, servidores, enfim, a estrutura necess\u00e1ria para a execu\u00e7\u00e3o desse importante projeto\u201d, disse Antonio Andrade.&nbsp;<br><br>De formato pedag\u00f3gico, o projeto buscar\u00e1 apresentar aos gestores o funcionamento da atividade financeira do Estado brasileiro, suas concep\u00e7\u00f5es e objeto do Direito Financeiro; Entender a obten\u00e7\u00e3o de receitas e realiza\u00e7\u00e3o dos gastos p\u00fablicos, assim como suas responsabilidades fiscais decorrentes de tais atividades; bem como compreender as formas e condi\u00e7\u00f5es de disp\u00eandio dos recursos p\u00fablicos arrecadados pelo Estado.<\/figcaption><\/figure>\n\n\n\n<figure class=\"wp-block-image size-full\"><img loading=\"lazy\" decoding=\"async\" width=\"766\" height=\"413\" src=\"https:\/\/focotocantinense.com.br\/wp-content\/uploads\/2022\/02\/AAAAA-2.jpg\" alt=\"\" class=\"wp-image-2195\" srcset=\"https:\/\/focotocantinense.com.br\/wp-content\/uploads\/2022\/02\/AAAAA-2.jpg 766w, https:\/\/focotocantinense.com.br\/wp-content\/uploads\/2022\/02\/AAAAA-2-300x162.jpg 300w\" sizes=\"auto, (max-width: 766px) 100vw, 766px\" \/><figcaption><strong><em>(Foto: &nbsp;Joelma Cristina)<\/em><\/strong><\/figcaption><\/figure>\n","protected":false},"excerpt":{"rendered":"<p>O&nbsp;presidente da Assembleia Legislativa do Tocantins, deputado Antonio Andrade, recebeu em seu gabinete o presidente da Associa\u00e7\u00e3o Tocantinense de Munic\u00edpios (ATM) e prefeito de Talism\u00e3, Diogo Borges. Durante o encontro o representante dos gestores municipais apresentou uma ideia de projeto, originada pelo conselheiro do Tribunal de Contas do Estado (TCE), Andr\u00e9 Luiz de Matos Gon\u00e7alves, &hellip;<\/p>\n","protected":false},"author":5,"featured_media":2198,"comment_status":"open","ping_status":"open","sticky":false,"template":"","format":"standard","meta":{"footnotes":""},"categories":[1],"tags":[],"class_list":["post-2193","post","type-post","status-publish","format-standard","has-post-thumbnail","","category-sem-categoria"],"_links":{"self":[{"href":"https:\/\/focotocantinense.com.br\/index.php?rest_route=\/wp\/v2\/posts\/2193","targetHints":{"allow":["GET"]}}],"collection":[{"href":"https:\/\/focotocantinense.com.br\/index.php?rest_route=\/wp\/v2\/posts"}],"about":[{"href":"https:\/\/focotocantinense.com.br\/index.php?rest_route=\/wp\/v2\/types\/post"}],"author":[{"embeddable":true,"href":"https:\/\/focotocantinense.com.br\/index.php?rest_route=\/wp\/v2\/users\/5"}],"replies":[{"embeddable":true,"href":"https:\/\/focotocantinense.com.br\/index.php?rest_route=%2Fwp%2Fv2%2Fcomments&post=2193"}],"version-history":[{"count":3,"href":"https:\/\/focotocantinense.com.br\/index.php?rest_route=\/wp\/v2\/posts\/2193\/revisions"}],"predecessor-version":[{"id":2199,"href":"https:\/\/focotocantinense.com.br\/index.php?rest_route=\/wp\/v2\/posts\/2193\/revisions\/2199"}],"wp:featuredmedia":[{"embeddable":true,"href":"https:\/\/focotocantinense.com.br\/index.php?rest_route=\/wp\/v2\/media\/2198"}],"wp:attachment":[{"href":"https:\/\/focotocantinense.com.br\/index.php?rest_route=%2Fwp%2Fv2%2Fmedia&parent=2193"}],"wp:term":[{"taxonomy":"category","embeddable":true,"href":"https:\/\/focotocantinense.com.br\/index.php?rest_route=%2Fwp%2Fv2%2Fcategories&post=2193"},{"taxonomy":"post_tag","embeddable":true,"href":"https:\/\/focotocantinense.com.br\/index.php?rest_route=%2Fwp%2Fv2%2Ftags&post=2193"}],"curies":[{"name":"wp","href":"https:\/\/api.w.org\/{rel}","templated":true}]}}