{"id":2185,"date":"2022-02-22T16:13:29","date_gmt":"2022-02-22T19:13:29","guid":{"rendered":"https:\/\/focotocantinense.com.br\/?p=2185"},"modified":"2022-02-22T16:16:48","modified_gmt":"2022-02-22T19:16:48","slug":"direitos-dos-idosos-de-gurupi-e-tema-de-reuniao-entre-conselho-e-prefeitura","status":"publish","type":"post","link":"https:\/\/focotocantinense.com.br\/?p=2185","title":{"rendered":"Direitos dos idosos de Gurupi \u00e9 tema de reuni\u00e3o entre Conselho e Prefeitura"},"content":{"rendered":"\n<figure class=\"wp-block-image size-full is-resized\"><img loading=\"lazy\" decoding=\"async\" src=\"https:\/\/focotocantinense.com.br\/wp-content\/uploads\/2022\/02\/BBBB-1.jpg\" alt=\"\" class=\"wp-image-2186\" width=\"340\" height=\"262\" srcset=\"https:\/\/focotocantinense.com.br\/wp-content\/uploads\/2022\/02\/BBBB-1.jpg 686w, https:\/\/focotocantinense.com.br\/wp-content\/uploads\/2022\/02\/BBBB-1-300x231.jpg 300w\" sizes=\"auto, (max-width: 340px) 100vw, 340px\" \/><figcaption><br>Na manh\u00e3 desta ter\u00e7a-feira (22), a Secretaria Municipal do Idoso de Gurupi, por meio da Diretoria do Idoso, em parceria com o Conselho Municipal dos Direitos da Pessoa Idosa (COMI), realizou a primeira reuni\u00e3o presencial do ano de 2022.<br>Entre as pautas da reuni\u00e3o estavam a apresenta\u00e7\u00e3o do Regimento Interno do Conselho e o calend\u00e1rio de reuni\u00f5es para este ano, entre outros assuntos referentes \u00e0 entidade.<br><br>O Diretor Municipal do Idoso e conselheiro do COMI, Vin\u00edcius Martins, lembra da import\u00e2ncia dessa retomada do Conselho do Idoso em Gurupi. \u201cA popula\u00e7\u00e3o idosa precisa muito de um olhar de cuidado. Queremos retomar essa discuss\u00e3o e planejar a promo\u00e7\u00e3o de a\u00e7\u00f5es de conscientiza\u00e7\u00e3o da sociedade em geral, al\u00e9m de fomentar a\u00e7\u00f5es em prol dos direitos da pessoa idosa\u201d.<br><br>Entre os objetivos do Conselho est\u00e3o a formula\u00e7\u00e3o da pol\u00edtica de promo\u00e7\u00e3o, prote\u00e7\u00e3o e defesa dos direitos do idoso e o estabelecimento de prioridades de atua\u00e7\u00e3o e de defini\u00e7\u00e3o da aplica\u00e7\u00e3o dos recursos p\u00fablicos federais, estaduais e municipais, destinados \u00e0s pol\u00edticas sociais b\u00e1sicas de aten\u00e7\u00e3o ao idoso. \u00c9 tamb\u00e9m de responsabilidade do \u00f3rg\u00e3o o gerenciamento do Fundo Municipal dos Direitos do Idoso.<br><br><\/figcaption><\/figure>\n\n\n\n<figure class=\"wp-block-image size-large\"><img loading=\"lazy\" decoding=\"async\" width=\"1024\" height=\"360\" src=\"https:\/\/focotocantinense.com.br\/wp-content\/uploads\/2022\/02\/TIO-BARNABEE-OK-1-1024x360.jpg\" alt=\"\" class=\"wp-image-2189\" srcset=\"https:\/\/focotocantinense.com.br\/wp-content\/uploads\/2022\/02\/TIO-BARNABEE-OK-1-1024x360.jpg 1024w, https:\/\/focotocantinense.com.br\/wp-content\/uploads\/2022\/02\/TIO-BARNABEE-OK-1-300x105.jpg 300w, https:\/\/focotocantinense.com.br\/wp-content\/uploads\/2022\/02\/TIO-BARNABEE-OK-1-768x270.jpg 768w, https:\/\/focotocantinense.com.br\/wp-content\/uploads\/2022\/02\/TIO-BARNABEE-OK-1.jpg 1280w\" sizes=\"auto, (max-width: 1024px) 100vw, 1024px\" \/><\/figure>\n\n\n\n<figure class=\"wp-block-image size-full\"><img loading=\"lazy\" decoding=\"async\" width=\"686\" height=\"528\" src=\"https:\/\/focotocantinense.com.br\/wp-content\/uploads\/2022\/02\/BBBB-2.jpg\" alt=\"\" class=\"wp-image-2191\" srcset=\"https:\/\/focotocantinense.com.br\/wp-content\/uploads\/2022\/02\/BBBB-2.jpg 686w, https:\/\/focotocantinense.com.br\/wp-content\/uploads\/2022\/02\/BBBB-2-300x231.jpg 300w\" sizes=\"auto, (max-width: 686px) 100vw, 686px\" \/><\/figure>\n","protected":false},"excerpt":{"rendered":"<p>Na manh\u00e3 desta ter\u00e7a-feira (22), a Secretaria Municipal do Idoso de Gurupi, por meio da Diretoria do Idoso, em parceria com o Conselho Municipal dos Direitos da Pessoa Idosa (COMI), realizou a primeira reuni\u00e3o presencial do ano de 2022.Entre as pautas da reuni\u00e3o estavam a apresenta\u00e7\u00e3o do Regimento Interno do Conselho e o calend\u00e1rio de &hellip;<\/p>\n","protected":false},"author":5,"featured_media":2186,"comment_status":"open","ping_status":"open","sticky":false,"template":"","format":"standard","meta":{"footnotes":""},"categories":[38,1],"tags":[],"class_list":["post-2185","post","type-post","status-publish","format-standard","has-post-thumbnail","","category-gurupi","category-sem-categoria"],"_links":{"self":[{"href":"https:\/\/focotocantinense.com.br\/index.php?rest_route=\/wp\/v2\/posts\/2185","targetHints":{"allow":["GET"]}}],"collection":[{"href":"https:\/\/focotocantinense.com.br\/index.php?rest_route=\/wp\/v2\/posts"}],"about":[{"href":"https:\/\/focotocantinense.com.br\/index.php?rest_route=\/wp\/v2\/types\/post"}],"author":[{"embeddable":true,"href":"https:\/\/focotocantinense.com.br\/index.php?rest_route=\/wp\/v2\/users\/5"}],"replies":[{"embeddable":true,"href":"https:\/\/focotocantinense.com.br\/index.php?rest_route=%2Fwp%2Fv2%2Fcomments&post=2185"}],"version-history":[{"count":4,"href":"https:\/\/focotocantinense.com.br\/index.php?rest_route=\/wp\/v2\/posts\/2185\/revisions"}],"predecessor-version":[{"id":2192,"href":"https:\/\/focotocantinense.com.br\/index.php?rest_route=\/wp\/v2\/posts\/2185\/revisions\/2192"}],"wp:featuredmedia":[{"embeddable":true,"href":"https:\/\/focotocantinense.com.br\/index.php?rest_route=\/wp\/v2\/media\/2186"}],"wp:attachment":[{"href":"https:\/\/focotocantinense.com.br\/index.php?rest_route=%2Fwp%2Fv2%2Fmedia&parent=2185"}],"wp:term":[{"taxonomy":"category","embeddable":true,"href":"https:\/\/focotocantinense.com.br\/index.php?rest_route=%2Fwp%2Fv2%2Fcategories&post=2185"},{"taxonomy":"post_tag","embeddable":true,"href":"https:\/\/focotocantinense.com.br\/index.php?rest_route=%2Fwp%2Fv2%2Ftags&post=2185"}],"curies":[{"name":"wp","href":"https:\/\/api.w.org\/{rel}","templated":true}]}}