{"id":2149,"date":"2022-02-18T11:18:40","date_gmt":"2022-02-18T14:18:40","guid":{"rendered":"https:\/\/focotocantinense.com.br\/?p=2149"},"modified":"2022-02-18T11:21:49","modified_gmt":"2022-02-18T14:21:49","slug":"tocantinia-promove-mais-uma-acao-do-projeto-cidade-leitora","status":"publish","type":"post","link":"https:\/\/focotocantinense.com.br\/?p=2149","title":{"rendered":"Tocant\u00ednia promove mais uma a\u00e7\u00e3o do Projeto Cidade Leitora"},"content":{"rendered":"\n<figure class=\"wp-block-image size-large is-resized\"><img loading=\"lazy\" decoding=\"async\" src=\"https:\/\/focotocantinense.com.br\/wp-content\/uploads\/2022\/02\/aaaaaaaaaaaaaaaaaaaaaaaaaaaaaaaaaa-1024x702.jpg\" alt=\"\" class=\"wp-image-2150\" width=\"362\" height=\"248\" srcset=\"https:\/\/focotocantinense.com.br\/wp-content\/uploads\/2022\/02\/aaaaaaaaaaaaaaaaaaaaaaaaaaaaaaaaaa-1024x702.jpg 1024w, https:\/\/focotocantinense.com.br\/wp-content\/uploads\/2022\/02\/aaaaaaaaaaaaaaaaaaaaaaaaaaaaaaaaaa-300x206.jpg 300w, https:\/\/focotocantinense.com.br\/wp-content\/uploads\/2022\/02\/aaaaaaaaaaaaaaaaaaaaaaaaaaaaaaaaaa-768x527.jpg 768w, https:\/\/focotocantinense.com.br\/wp-content\/uploads\/2022\/02\/aaaaaaaaaaaaaaaaaaaaaaaaaaaaaaaaaa-110x75.jpg 110w, https:\/\/focotocantinense.com.br\/wp-content\/uploads\/2022\/02\/aaaaaaaaaaaaaaaaaaaaaaaaaaaaaaaaaa.jpg 1280w\" sizes=\"auto, (max-width: 362px) 100vw, 362px\" \/><figcaption><br><strong>Por Zacarias Marins<\/strong><br>A Prefeitura de Tocant\u00ednia, por meio da Secretaria Municipal de Educa\u00e7\u00e3o (Semed), promoveu na tarde de quinta-feira (17), uma &nbsp;a\u00e7\u00e3o &nbsp;do Projeto &nbsp;Cidade Leitora. O evento aconteceu na Vila Jac\u00f3, em frente \u00e0 Unidade B\u00e1sica de Sa\u00fade, onde a rua foi fechada ao tr\u00e2nsito.<br><br>As professoras Carmem L\u00facia Dias e Ant\u00f4nia Mendes comandaram as atividades junto \u00e0s crian\u00e7as, principal p\u00fablico-alvo, levando cota\u00e7\u00e3o de hist\u00f3rias para a gurizada que se fez presente.<br><br>Na realiza\u00e7\u00e3o do evento foram tomadas todas a s medidas de prote\u00e7\u00e3o contra a Covid-19, como o uso de m\u00e1scaras e disponibiliza\u00e7\u00e3o de \u00e1lcool em gel.<br><br>O professor Andr\u00e9 Goveia, secret\u00e1rio de educa\u00e7\u00e3o de Tocant\u00ednia, o Projeto Cidade Leitora \u00e9 uma atividade do Centro de Refer\u00eancia do Projeto Leitura Viva, &nbsp;que busca promover &nbsp;intera\u00e7\u00f5es com o p\u00fablico para disseminar a cultura da leitura no munic\u00edpio.<br><br>\u201cA conta\u00e7\u00e3o&nbsp; de hist\u00f3rias por meio da Mala Viajante que j\u00e1 percorre diversos pontos do territ\u00f3rio urbano, rural e ind\u00edgena de Tocant\u00ednia, &nbsp;provocando os mun\u00edcipes provoca na popula\u00e7\u00e3o o prazer salutar da leitura\u201d, finalizou o secret\u00e1rio.<br>&nbsp;<br><br><br><br>&nbsp;<br><br><br><\/figcaption><\/figure>\n\n\n\n<figure class=\"wp-block-image size-full\"><img loading=\"lazy\" decoding=\"async\" width=\"817\" height=\"553\" src=\"https:\/\/focotocantinense.com.br\/wp-content\/uploads\/2022\/02\/1-TOCANTINIA.jpg\" alt=\"\" class=\"wp-image-2153\" srcset=\"https:\/\/focotocantinense.com.br\/wp-content\/uploads\/2022\/02\/1-TOCANTINIA.jpg 817w, https:\/\/focotocantinense.com.br\/wp-content\/uploads\/2022\/02\/1-TOCANTINIA-300x203.jpg 300w, https:\/\/focotocantinense.com.br\/wp-content\/uploads\/2022\/02\/1-TOCANTINIA-768x520.jpg 768w, https:\/\/focotocantinense.com.br\/wp-content\/uploads\/2022\/02\/1-TOCANTINIA-110x75.jpg 110w\" sizes=\"auto, (max-width: 817px) 100vw, 817px\" \/><\/figure>\n\n\n\n<figure class=\"wp-block-image size-full\"><img loading=\"lazy\" decoding=\"async\" width=\"816\" height=\"522\" src=\"https:\/\/focotocantinense.com.br\/wp-content\/uploads\/2022\/02\/3-TOCANTINIA.jpg\" alt=\"\" class=\"wp-image-2158\" srcset=\"https:\/\/focotocantinense.com.br\/wp-content\/uploads\/2022\/02\/3-TOCANTINIA.jpg 816w, https:\/\/focotocantinense.com.br\/wp-content\/uploads\/2022\/02\/3-TOCANTINIA-300x192.jpg 300w, https:\/\/focotocantinense.com.br\/wp-content\/uploads\/2022\/02\/3-TOCANTINIA-768x491.jpg 768w\" sizes=\"auto, (max-width: 816px) 100vw, 816px\" \/><\/figure>\n\n\n\n<figure class=\"wp-block-image size-full\"><img loading=\"lazy\" decoding=\"async\" width=\"839\" height=\"543\" src=\"https:\/\/focotocantinense.com.br\/wp-content\/uploads\/2022\/02\/2-TOCANTINIA.jpg\" alt=\"\" class=\"wp-image-2157\" srcset=\"https:\/\/focotocantinense.com.br\/wp-content\/uploads\/2022\/02\/2-TOCANTINIA.jpg 839w, https:\/\/focotocantinense.com.br\/wp-content\/uploads\/2022\/02\/2-TOCANTINIA-300x194.jpg 300w, https:\/\/focotocantinense.com.br\/wp-content\/uploads\/2022\/02\/2-TOCANTINIA-768x497.jpg 768w\" sizes=\"auto, (max-width: 839px) 100vw, 839px\" \/><\/figure>\n\n\n","protected":false},"excerpt":{"rendered":"<p>Por Zacarias MarinsA Prefeitura de Tocant\u00ednia, por meio da Secretaria Municipal de Educa\u00e7\u00e3o (Semed), promoveu na tarde de quinta-feira (17), uma &nbsp;a\u00e7\u00e3o &nbsp;do Projeto &nbsp;Cidade Leitora. O evento aconteceu na Vila Jac\u00f3, em frente \u00e0 Unidade B\u00e1sica de Sa\u00fade, onde a rua foi fechada ao tr\u00e2nsito.As professoras Carmem L\u00facia Dias e Ant\u00f4nia Mendes comandaram as &hellip;<\/p>\n","protected":false},"author":5,"featured_media":2150,"comment_status":"open","ping_status":"open","sticky":false,"template":"","format":"standard","meta":{"footnotes":""},"categories":[1],"tags":[],"class_list":["post-2149","post","type-post","status-publish","format-standard","has-post-thumbnail","","category-sem-categoria"],"_links":{"self":[{"href":"https:\/\/focotocantinense.com.br\/index.php?rest_route=\/wp\/v2\/posts\/2149","targetHints":{"allow":["GET"]}}],"collection":[{"href":"https:\/\/focotocantinense.com.br\/index.php?rest_route=\/wp\/v2\/posts"}],"about":[{"href":"https:\/\/focotocantinense.com.br\/index.php?rest_route=\/wp\/v2\/types\/post"}],"author":[{"embeddable":true,"href":"https:\/\/focotocantinense.com.br\/index.php?rest_route=\/wp\/v2\/users\/5"}],"replies":[{"embeddable":true,"href":"https:\/\/focotocantinense.com.br\/index.php?rest_route=%2Fwp%2Fv2%2Fcomments&post=2149"}],"version-history":[{"count":4,"href":"https:\/\/focotocantinense.com.br\/index.php?rest_route=\/wp\/v2\/posts\/2149\/revisions"}],"predecessor-version":[{"id":2159,"href":"https:\/\/focotocantinense.com.br\/index.php?rest_route=\/wp\/v2\/posts\/2149\/revisions\/2159"}],"wp:featuredmedia":[{"embeddable":true,"href":"https:\/\/focotocantinense.com.br\/index.php?rest_route=\/wp\/v2\/media\/2150"}],"wp:attachment":[{"href":"https:\/\/focotocantinense.com.br\/index.php?rest_route=%2Fwp%2Fv2%2Fmedia&parent=2149"}],"wp:term":[{"taxonomy":"category","embeddable":true,"href":"https:\/\/focotocantinense.com.br\/index.php?rest_route=%2Fwp%2Fv2%2Fcategories&post=2149"},{"taxonomy":"post_tag","embeddable":true,"href":"https:\/\/focotocantinense.com.br\/index.php?rest_route=%2Fwp%2Fv2%2Ftags&post=2149"}],"curies":[{"name":"wp","href":"https:\/\/api.w.org\/{rel}","templated":true}]}}