{"id":2143,"date":"2022-02-17T17:19:12","date_gmt":"2022-02-17T20:19:12","guid":{"rendered":"https:\/\/focotocantinense.com.br\/?p=2143"},"modified":"2022-02-17T17:25:25","modified_gmt":"2022-02-17T20:25:25","slug":"comunidades-indigenas-em-tocantinia-sao-beneficiadas-com-roca-comunitaria","status":"publish","type":"post","link":"https:\/\/focotocantinense.com.br\/?p=2143","title":{"rendered":"Comunidades ind\u00edgenas em Tocant\u00ednia s\u00e3o beneficiadas com ro\u00e7a comunit\u00e1ria"},"content":{"rendered":"\n<figure class=\"wp-block-image size-full is-resized\"><img loading=\"lazy\" decoding=\"async\" src=\"https:\/\/focotocantinense.com.br\/wp-content\/uploads\/2022\/02\/AAAAAAAAAAAAAA-7.jpg\" alt=\"\" class=\"wp-image-2144\" width=\"370\" height=\"183\" srcset=\"https:\/\/focotocantinense.com.br\/wp-content\/uploads\/2022\/02\/AAAAAAAAAAAAAA-7.jpg 1001w, https:\/\/focotocantinense.com.br\/wp-content\/uploads\/2022\/02\/AAAAAAAAAAAAAA-7-300x149.jpg 300w, https:\/\/focotocantinense.com.br\/wp-content\/uploads\/2022\/02\/AAAAAAAAAAAAAA-7-768x382.jpg 768w\" sizes=\"auto, (max-width: 370px) 100vw, 370px\" \/><figcaption><br>A prefeitura de Tocant\u00ednia por meio da Secretaria Municipal de Agricultura em parceria com a Secretaria Estadual de Agricultura e a Ruraltins, implantaram o projeto pioneiro de ro\u00e7a comunit\u00e1ria na Terra Ind\u00edgena Xerente, onde vai beneficiar 60 fam\u00edlias que pertencem \u00e0s aldeias Boa Vida, Boa Vista, Bom Tempo, Cabeceira da \u00c1gua Fria, Montes Belos, Monte Si\u00e3o, Para\u00edso e Suprawah\u00e2.<br><br>O projeto de lavoura comunit\u00e1ria implantado na Aldeia Cabeceira da \u00c1gua Fria possui \u00e1rea de 14 hectares de ro\u00e7a mecanizada, onde foi cultivado arroz, feij\u00e3o, milho e mandioca. A maior parte da \u00e1rea foi destinada para o plantio de arroz.<br><br>O articulador do projeto, Tiago Srekm\u00f5r\u00e3te Xerente, lembra que a iniciativa de articula\u00e7\u00e3o partiu das lideran\u00e7as, atrav\u00e9s da conscientiza\u00e7\u00e3o das comunidades sobre o projeto inovador e sustent\u00e1vel para o povo Xerente. Mas somente com a execu\u00e7\u00e3o pela prefeitura de Tocant\u00ednia, foi poss\u00edvel realizar a implanta\u00e7\u00e3o da ro\u00e7a comunit\u00e1ria na aldeia. \u201cSomos gratos ao prefeito Manoel Silvino e ao vice-prefeito Jo\u00e3o Alberto e a todos os envolvidos que abra\u00e7aram o nosso projeto que vai beneficiar muitas fam\u00edlias do nosso povo\u201d disse.<br><br>O secret\u00e1rio de agricultura Jo\u00e3o Caldeira, ressaltou que a comunidade recebeu todo suporte da prefeitura com as m\u00e1quinas e implementos agr\u00edcolas no preparo do solo, fornecimento de adubo e as manivas de mandioca para o plantio da ro\u00e7a. Segundo o Caldeira, o projeto foi realizado numa parceria da prefeitura com a Secretaria Estadual de Agricultura que forneceu as sementes de arroz, feij\u00e3o e milho e a Ruraltins que vem prestando assist\u00eancia t\u00e9cnica necess\u00e1rias.<br><br>O prefeito Manoel Silvino enfatizou que a ro\u00e7a comunit\u00e1ria desse porte \u00e9 um projeto pioneiro e inovador que o munic\u00edpio est\u00e1 fazendo na \u00e1rea ind\u00edgena, onde vai beneficiar fam\u00edlias de oito aldeias. A conquista de seis tratores agr\u00edcolas novos viabilizou o atendimento aos agricultores locais.&nbsp; \u201cDepois de sanar todos os entraves deixados pelo meu antecessor, onde impedia a capta\u00e7\u00e3o de recursos, agora nesta gest\u00e3o temos condi\u00e7\u00f5es de firmar conv\u00eanios com \u00f3rg\u00e3os governamentais para trazer recursos para melhorias da popula\u00e7\u00e3o de Tocant\u00ednia, inclusive as comunidades ind\u00edgenas\u201d destacou.<\/figcaption><\/figure>\n\n\n\n<figure class=\"wp-block-image size-full\"><img loading=\"lazy\" decoding=\"async\" width=\"768\" height=\"504\" src=\"https:\/\/focotocantinense.com.br\/wp-content\/uploads\/2022\/02\/ROCA-COMUNITARIA.jpg\" alt=\"\" class=\"wp-image-2145\" srcset=\"https:\/\/focotocantinense.com.br\/wp-content\/uploads\/2022\/02\/ROCA-COMUNITARIA.jpg 768w, https:\/\/focotocantinense.com.br\/wp-content\/uploads\/2022\/02\/ROCA-COMUNITARIA-300x197.jpg 300w\" sizes=\"auto, (max-width: 768px) 100vw, 768px\" \/><\/figure>\n","protected":false},"excerpt":{"rendered":"<p>A prefeitura de Tocant\u00ednia por meio da Secretaria Municipal de Agricultura em parceria com a Secretaria Estadual de Agricultura e a Ruraltins, implantaram o projeto pioneiro de ro\u00e7a comunit\u00e1ria na Terra Ind\u00edgena Xerente, onde vai beneficiar 60 fam\u00edlias que pertencem \u00e0s aldeias Boa Vida, Boa Vista, Bom Tempo, Cabeceira da \u00c1gua Fria, Montes Belos, Monte &hellip;<\/p>\n","protected":false},"author":5,"featured_media":2144,"comment_status":"open","ping_status":"open","sticky":false,"template":"","format":"standard","meta":{"footnotes":""},"categories":[1],"tags":[],"class_list":["post-2143","post","type-post","status-publish","format-standard","has-post-thumbnail","","category-sem-categoria"],"_links":{"self":[{"href":"https:\/\/focotocantinense.com.br\/index.php?rest_route=\/wp\/v2\/posts\/2143","targetHints":{"allow":["GET"]}}],"collection":[{"href":"https:\/\/focotocantinense.com.br\/index.php?rest_route=\/wp\/v2\/posts"}],"about":[{"href":"https:\/\/focotocantinense.com.br\/index.php?rest_route=\/wp\/v2\/types\/post"}],"author":[{"embeddable":true,"href":"https:\/\/focotocantinense.com.br\/index.php?rest_route=\/wp\/v2\/users\/5"}],"replies":[{"embeddable":true,"href":"https:\/\/focotocantinense.com.br\/index.php?rest_route=%2Fwp%2Fv2%2Fcomments&post=2143"}],"version-history":[{"count":3,"href":"https:\/\/focotocantinense.com.br\/index.php?rest_route=\/wp\/v2\/posts\/2143\/revisions"}],"predecessor-version":[{"id":2148,"href":"https:\/\/focotocantinense.com.br\/index.php?rest_route=\/wp\/v2\/posts\/2143\/revisions\/2148"}],"wp:featuredmedia":[{"embeddable":true,"href":"https:\/\/focotocantinense.com.br\/index.php?rest_route=\/wp\/v2\/media\/2144"}],"wp:attachment":[{"href":"https:\/\/focotocantinense.com.br\/index.php?rest_route=%2Fwp%2Fv2%2Fmedia&parent=2143"}],"wp:term":[{"taxonomy":"category","embeddable":true,"href":"https:\/\/focotocantinense.com.br\/index.php?rest_route=%2Fwp%2Fv2%2Fcategories&post=2143"},{"taxonomy":"post_tag","embeddable":true,"href":"https:\/\/focotocantinense.com.br\/index.php?rest_route=%2Fwp%2Fv2%2Ftags&post=2143"}],"curies":[{"name":"wp","href":"https:\/\/api.w.org\/{rel}","templated":true}]}}