{"id":2103,"date":"2022-02-15T16:37:13","date_gmt":"2022-02-15T19:37:13","guid":{"rendered":"https:\/\/focotocantinense.com.br\/?p=2103"},"modified":"2022-02-15T16:38:53","modified_gmt":"2022-02-15T19:38:53","slug":"policiais-militares-serao-homenageados-pela-camara-municipal-de-lagoa-da-confusao","status":"publish","type":"post","link":"https:\/\/focotocantinense.com.br\/?p=2103","title":{"rendered":"Policiais Militares ser\u00e3o homenageados pela C\u00e2mara Municipal de Lagoa da Confus\u00e3o"},"content":{"rendered":"\n<figure class=\"wp-block-image size-full is-resized\"><img loading=\"lazy\" decoding=\"async\" src=\"https:\/\/focotocantinense.com.br\/wp-content\/uploads\/2022\/02\/1-LUIZ-EDVALDO-COELHO-DOS-SANTOS-VEREADOR-DI-PRESIDENTE-DA-cAMARA-DE-LAGOA-DA-cONFUSAO-FOTO-ZACARIAS-MARTINS-2.jpg\" alt=\"\" class=\"wp-image-2104\" width=\"373\" height=\"244\" srcset=\"https:\/\/focotocantinense.com.br\/wp-content\/uploads\/2022\/02\/1-LUIZ-EDVALDO-COELHO-DOS-SANTOS-VEREADOR-DI-PRESIDENTE-DA-cAMARA-DE-LAGOA-DA-cONFUSAO-FOTO-ZACARIAS-MARTINS-2.jpg 756w, https:\/\/focotocantinense.com.br\/wp-content\/uploads\/2022\/02\/1-LUIZ-EDVALDO-COELHO-DOS-SANTOS-VEREADOR-DI-PRESIDENTE-DA-cAMARA-DE-LAGOA-DA-cONFUSAO-FOTO-ZACARIAS-MARTINS-2-300x196.jpg 300w\" sizes=\"auto, (max-width: 373px) 100vw, 373px\" \/><figcaption><br><strong>Por Zacarias Martins<\/strong><br>A&nbsp; C\u00e2mara Municipal de Lagoa da Confus\u00e3o, em sess\u00e3o realizada &nbsp;aprovou, por unanimidade &nbsp;Mo\u00e7\u00e3o de Aplausos ao Tenente Ad\u00e3o marinho Lima e o Subtenente Ant\u00f4nio Jos\u00e9 da Costa Neto, integrantes do quadro da Pol\u00edcia Militar do Estado do Tocantins, pelos relevantes servi\u00e7os prestados ao munic\u00edpio.<br><br>A iniciativa dessa Mo\u00e7\u00e3o de Aplausos partiu do vereador Luiz Edvaldo Coelho dos Santos \u2013 o popular DI, presidente da Casa, que justificou que ambos os policiais est\u00e3o entrando para a Reserva Remunerada ap\u00f3s&nbsp; terem desempenhado a contento suas fun\u00e7\u00f5es em Lagoa da Confus\u00e3o, desde meados de 1993.<br><br>\u201cAo longo desse per\u00edodo, esses bravos policiais&nbsp; contribu\u00edram para manter&nbsp; a seguran\u00e7a e a tranquilidade aos moradores de Lagoa da Confus\u00e3o, sendo, portanto, merecedores dos nossos aplausos\u201d, Justificou&nbsp; o presidente.<\/figcaption><\/figure>\n\n\n\n<figure class=\"wp-block-image size-large\"><img loading=\"lazy\" decoding=\"async\" width=\"1024\" height=\"360\" src=\"https:\/\/focotocantinense.com.br\/wp-content\/uploads\/2022\/02\/TIO-BARNABEE-OK-1024x360.jpg\" alt=\"\" class=\"wp-image-2105\" srcset=\"https:\/\/focotocantinense.com.br\/wp-content\/uploads\/2022\/02\/TIO-BARNABEE-OK-1024x360.jpg 1024w, https:\/\/focotocantinense.com.br\/wp-content\/uploads\/2022\/02\/TIO-BARNABEE-OK-300x105.jpg 300w, https:\/\/focotocantinense.com.br\/wp-content\/uploads\/2022\/02\/TIO-BARNABEE-OK-768x270.jpg 768w, https:\/\/focotocantinense.com.br\/wp-content\/uploads\/2022\/02\/TIO-BARNABEE-OK.jpg 1280w\" sizes=\"auto, (max-width: 1024px) 100vw, 1024px\" \/><\/figure>\n","protected":false},"excerpt":{"rendered":"<p>Por Zacarias MartinsA&nbsp; C\u00e2mara Municipal de Lagoa da Confus\u00e3o, em sess\u00e3o realizada &nbsp;aprovou, por unanimidade &nbsp;Mo\u00e7\u00e3o de Aplausos ao Tenente Ad\u00e3o marinho Lima e o Subtenente Ant\u00f4nio Jos\u00e9 da Costa Neto, integrantes do quadro da Pol\u00edcia Militar do Estado do Tocantins, pelos relevantes servi\u00e7os prestados ao munic\u00edpio.A iniciativa dessa Mo\u00e7\u00e3o de Aplausos partiu do vereador &hellip;<\/p>\n","protected":false},"author":5,"featured_media":2104,"comment_status":"open","ping_status":"open","sticky":false,"template":"","format":"standard","meta":{"footnotes":""},"categories":[1],"tags":[],"class_list":["post-2103","post","type-post","status-publish","format-standard","has-post-thumbnail","","category-sem-categoria"],"_links":{"self":[{"href":"https:\/\/focotocantinense.com.br\/index.php?rest_route=\/wp\/v2\/posts\/2103","targetHints":{"allow":["GET"]}}],"collection":[{"href":"https:\/\/focotocantinense.com.br\/index.php?rest_route=\/wp\/v2\/posts"}],"about":[{"href":"https:\/\/focotocantinense.com.br\/index.php?rest_route=\/wp\/v2\/types\/post"}],"author":[{"embeddable":true,"href":"https:\/\/focotocantinense.com.br\/index.php?rest_route=\/wp\/v2\/users\/5"}],"replies":[{"embeddable":true,"href":"https:\/\/focotocantinense.com.br\/index.php?rest_route=%2Fwp%2Fv2%2Fcomments&post=2103"}],"version-history":[{"count":2,"href":"https:\/\/focotocantinense.com.br\/index.php?rest_route=\/wp\/v2\/posts\/2103\/revisions"}],"predecessor-version":[{"id":2107,"href":"https:\/\/focotocantinense.com.br\/index.php?rest_route=\/wp\/v2\/posts\/2103\/revisions\/2107"}],"wp:featuredmedia":[{"embeddable":true,"href":"https:\/\/focotocantinense.com.br\/index.php?rest_route=\/wp\/v2\/media\/2104"}],"wp:attachment":[{"href":"https:\/\/focotocantinense.com.br\/index.php?rest_route=%2Fwp%2Fv2%2Fmedia&parent=2103"}],"wp:term":[{"taxonomy":"category","embeddable":true,"href":"https:\/\/focotocantinense.com.br\/index.php?rest_route=%2Fwp%2Fv2%2Fcategories&post=2103"},{"taxonomy":"post_tag","embeddable":true,"href":"https:\/\/focotocantinense.com.br\/index.php?rest_route=%2Fwp%2Fv2%2Ftags&post=2103"}],"curies":[{"name":"wp","href":"https:\/\/api.w.org\/{rel}","templated":true}]}}