{"id":2093,"date":"2022-02-15T10:08:49","date_gmt":"2022-02-15T13:08:49","guid":{"rendered":"https:\/\/focotocantinense.com.br\/?p=2093"},"modified":"2022-02-15T10:11:46","modified_gmt":"2022-02-15T13:11:46","slug":"em-tocantinia-os-beneficiarios-dos-servicos-socio-assistenciais-e-familias-impactadas-pela-pandemia-recebem-cestas-de-alimentos","status":"publish","type":"post","link":"https:\/\/focotocantinense.com.br\/?p=2093","title":{"rendered":"Em Tocant\u00ednia os benefici\u00e1rios dos servi\u00e7os s\u00f3cio assistenciais e fam\u00edlias impactadas pela pandemia recebem cestas de alimentos"},"content":{"rendered":"\n<figure class=\"wp-block-image size-full is-resized\"><img loading=\"lazy\" decoding=\"async\" src=\"https:\/\/focotocantinense.com.br\/wp-content\/uploads\/2022\/02\/ana-paula.jpg\" alt=\"\" class=\"wp-image-2094\" width=\"367\" height=\"254\" srcset=\"https:\/\/focotocantinense.com.br\/wp-content\/uploads\/2022\/02\/ana-paula.jpg 759w, https:\/\/focotocantinense.com.br\/wp-content\/uploads\/2022\/02\/ana-paula-300x208.jpg 300w, https:\/\/focotocantinense.com.br\/wp-content\/uploads\/2022\/02\/ana-paula-110x75.jpg 110w\" sizes=\"auto, (max-width: 367px) 100vw, 367px\" \/><figcaption>A prefeitura de Tocant\u00ednia por meio da Secretaria Municipal de Assist\u00eancia Social em parceria com a Secretaria do Trabalho e Desenvolvimento Social \u2013 SETAS, entregou nesta segunda-feira (14). cestas de alimentos e frangos para os usu\u00e1rios dos servi\u00e7os s\u00f3cio assistenciais e demais impactadas pela pandemia.<br><br>Para a secret\u00e1ria de Assist\u00eancia Social, Ana Paula Ribeiro, a iniciativa do Governo do Tocantins chega no momento certo para atender as fam\u00edlias que se encontram em situa\u00e7\u00e3o de vulnerabilidade. \u201c Com o aumento de casos da Covid no munic\u00edpio a ajuda do Governo do Tocantins \u00e9 muito importante nesse momento que as fam\u00edlias mais precisam, o alimento\u201d destacou.<br><br>O prefeito Manoel Silvino frisou que neste momento de vulnerabilidade por parte dos usu\u00e1rios dos servi\u00e7os s\u00f3cio assistenciais, a entrega de cestas e frangos vem complementar as cestas b\u00e1sicas das fam\u00edlias. \u201cSomos muito gratos pela iniciativa do Governo que est\u00e1 levando comida para a mesa das fam\u00edlias que est\u00e3o precisando de alimento\u201d disse. &nbsp;&nbsp;<\/figcaption><\/figure>\n\n\n\n<figure class=\"wp-block-image size-full\"><img loading=\"lazy\" decoding=\"async\" width=\"657\" height=\"486\" src=\"https:\/\/focotocantinense.com.br\/wp-content\/uploads\/2022\/02\/AAAAAAAAAAAAAA.jpg\" alt=\"\" class=\"wp-image-2095\" srcset=\"https:\/\/focotocantinense.com.br\/wp-content\/uploads\/2022\/02\/AAAAAAAAAAAAAA.jpg 657w, https:\/\/focotocantinense.com.br\/wp-content\/uploads\/2022\/02\/AAAAAAAAAAAAAA-300x222.jpg 300w\" sizes=\"auto, (max-width: 657px) 100vw, 657px\" \/><\/figure>\n\n\n\n<figure class=\"wp-block-image size-full\"><img loading=\"lazy\" decoding=\"async\" width=\"664\" height=\"484\" src=\"https:\/\/focotocantinense.com.br\/wp-content\/uploads\/2022\/02\/bbbb.jpg\" alt=\"\" class=\"wp-image-2096\" srcset=\"https:\/\/focotocantinense.com.br\/wp-content\/uploads\/2022\/02\/bbbb.jpg 664w, https:\/\/focotocantinense.com.br\/wp-content\/uploads\/2022\/02\/bbbb-300x219.jpg 300w\" sizes=\"auto, (max-width: 664px) 100vw, 664px\" \/><\/figure>\n","protected":false},"excerpt":{"rendered":"<p>A prefeitura de Tocant\u00ednia por meio da Secretaria Municipal de Assist\u00eancia Social em parceria com a Secretaria do Trabalho e Desenvolvimento Social \u2013 SETAS, entregou nesta segunda-feira (14). cestas de alimentos e frangos para os usu\u00e1rios dos servi\u00e7os s\u00f3cio assistenciais e demais impactadas pela pandemia.Para a secret\u00e1ria de Assist\u00eancia Social, Ana Paula Ribeiro, a iniciativa &hellip;<\/p>\n","protected":false},"author":5,"featured_media":2094,"comment_status":"open","ping_status":"open","sticky":false,"template":"","format":"standard","meta":{"footnotes":""},"categories":[1],"tags":[],"class_list":["post-2093","post","type-post","status-publish","format-standard","has-post-thumbnail","","category-sem-categoria"],"_links":{"self":[{"href":"https:\/\/focotocantinense.com.br\/index.php?rest_route=\/wp\/v2\/posts\/2093","targetHints":{"allow":["GET"]}}],"collection":[{"href":"https:\/\/focotocantinense.com.br\/index.php?rest_route=\/wp\/v2\/posts"}],"about":[{"href":"https:\/\/focotocantinense.com.br\/index.php?rest_route=\/wp\/v2\/types\/post"}],"author":[{"embeddable":true,"href":"https:\/\/focotocantinense.com.br\/index.php?rest_route=\/wp\/v2\/users\/5"}],"replies":[{"embeddable":true,"href":"https:\/\/focotocantinense.com.br\/index.php?rest_route=%2Fwp%2Fv2%2Fcomments&post=2093"}],"version-history":[{"count":2,"href":"https:\/\/focotocantinense.com.br\/index.php?rest_route=\/wp\/v2\/posts\/2093\/revisions"}],"predecessor-version":[{"id":2099,"href":"https:\/\/focotocantinense.com.br\/index.php?rest_route=\/wp\/v2\/posts\/2093\/revisions\/2099"}],"wp:featuredmedia":[{"embeddable":true,"href":"https:\/\/focotocantinense.com.br\/index.php?rest_route=\/wp\/v2\/media\/2094"}],"wp:attachment":[{"href":"https:\/\/focotocantinense.com.br\/index.php?rest_route=%2Fwp%2Fv2%2Fmedia&parent=2093"}],"wp:term":[{"taxonomy":"category","embeddable":true,"href":"https:\/\/focotocantinense.com.br\/index.php?rest_route=%2Fwp%2Fv2%2Fcategories&post=2093"},{"taxonomy":"post_tag","embeddable":true,"href":"https:\/\/focotocantinense.com.br\/index.php?rest_route=%2Fwp%2Fv2%2Ftags&post=2093"}],"curies":[{"name":"wp","href":"https:\/\/api.w.org\/{rel}","templated":true}]}}