{"id":2087,"date":"2022-02-10T19:15:48","date_gmt":"2022-02-10T22:15:48","guid":{"rendered":"https:\/\/focotocantinense.com.br\/?p=2087"},"modified":"2022-02-10T19:16:56","modified_gmt":"2022-02-10T22:16:56","slug":"hospital-dom-orione-e-ufnt-iniciam-processo-de-parceria-para-estagio-em-medicina","status":"publish","type":"post","link":"https:\/\/focotocantinense.com.br\/?p=2087","title":{"rendered":"Hospital Dom Orione e UFNT iniciam processo de parceria para est\u00e1gio em Medicina"},"content":{"rendered":"\n<figure class=\"wp-block-image size-full is-resized\"><img loading=\"lazy\" decoding=\"async\" src=\"https:\/\/focotocantinense.com.br\/wp-content\/uploads\/2022\/02\/1111.jpg\" alt=\"\" class=\"wp-image-2088\" width=\"391\" height=\"198\" srcset=\"https:\/\/focotocantinense.com.br\/wp-content\/uploads\/2022\/02\/1111.jpg 980w, https:\/\/focotocantinense.com.br\/wp-content\/uploads\/2022\/02\/1111-300x152.jpg 300w, https:\/\/focotocantinense.com.br\/wp-content\/uploads\/2022\/02\/1111-768x389.jpg 768w\" sizes=\"auto, (max-width: 391px) 100vw, 391px\" \/><figcaption><em><strong>Diretoria do Hospital Dom Orione e representantes da UFNT em reuni\u00e3o realizada no dia 08\/02\/2022.<\/strong><\/em><br><br><strong>Por Rodrigo Martins<\/strong><br><br>O Hospital Dom Orione segue avan\u00e7ando como polo de apoio para ensino e pesquisa. Para ampliar a parceria nessa \u00e1rea, a diretoria da unidade se reuniu com representantes da Universidade Federal do Norte do Tocantins \u2013 UFNT para formaliza\u00e7\u00e3o de um novo conv\u00eanio para est\u00e1gio do curso de Medicina.<br><br>As duas institui\u00e7\u00f5es j\u00e1 tem uma parceria para a realiza\u00e7\u00e3o da resid\u00eancia m\u00e9dica. Com o novo conv\u00eanio que est\u00e1 sendo discutido, ser\u00e3o realizados tamb\u00e9m est\u00e1gios curriculares de Medicina nas \u00e1reas de Obstetr\u00edcia e Pediatria\/Neonatologia. A previs\u00e3o de in\u00edcio das atividades \u00e9 para este semestre.<br><br>Para o diretor t\u00e9cnico do Hospital Dom Orione, Dr. Arnaldo Alves Nunes, receber os acad\u00eamicos da UFNT \u00e9 uma oportunidade de contribuir na forma\u00e7\u00e3o de novos m\u00e9dicos. \u201cDisponibilizamos nossa estrutura, juntamente com nossa equipe multiprofissional, para que os alunos encontrem aqui um ambiente seguro de aprendizado pr\u00e1tico\u201d, destacou.<br><br>Para o diretor do Centro de Ci\u00eancias da Sa\u00fade da UFNT, Fernando Vasconcelos, o conv\u00eanio com o Hospital Dom Orione \u00e9 de suma import\u00e2ncia para o curso. \u201cNossos alunos poder\u00e3o ter a viv\u00eancia e praticar a assist\u00eancia ao parto e ao rec\u00e9m-nascido\u201d.<br><br>Tamb\u00e9m estiveram na reuni\u00e3o o diretor presidente do Hospital Dom Orione, padre Bruno Rodrigues, o superintendente executivo, Osvair Murilo da Cunha e a diretora t\u00e9cnica Adjunta, Dra. Walide Wadih Salame. Representando a UFNT, o reitor&nbsp;<em>pro tempore<\/em>, professor Airton Sieben e a coordenadora de est\u00e1gios da UFNT, Elcia Tavares dos Santos.<\/figcaption><\/figure>\n\n\n\n<figure class=\"wp-block-image size-large\"><img loading=\"lazy\" decoding=\"async\" width=\"1024\" height=\"510\" src=\"https:\/\/focotocantinense.com.br\/wp-content\/uploads\/2022\/02\/2222-1024x510.jpg\" alt=\"\" class=\"wp-image-2089\" srcset=\"https:\/\/focotocantinense.com.br\/wp-content\/uploads\/2022\/02\/2222-1024x510.jpg 1024w, https:\/\/focotocantinense.com.br\/wp-content\/uploads\/2022\/02\/2222-300x149.jpg 300w, https:\/\/focotocantinense.com.br\/wp-content\/uploads\/2022\/02\/2222-768x383.jpg 768w, https:\/\/focotocantinense.com.br\/wp-content\/uploads\/2022\/02\/2222-660x330.jpg 660w, https:\/\/focotocantinense.com.br\/wp-content\/uploads\/2022\/02\/2222.jpg 1032w\" sizes=\"auto, (max-width: 1024px) 100vw, 1024px\" \/><figcaption><strong><em>Hospital Dom Orione tem sido um dos principais polos de est\u00e1gio em Sa\u00fade na regi\u00e3o.<\/em><\/strong><\/figcaption><\/figure>\n","protected":false},"excerpt":{"rendered":"<p>Diretoria do Hospital Dom Orione e representantes da UFNT em reuni\u00e3o realizada no dia 08\/02\/2022.Por Rodrigo MartinsO Hospital Dom Orione segue avan\u00e7ando como polo de apoio para ensino e pesquisa. Para ampliar a parceria nessa \u00e1rea, a diretoria da unidade se reuniu com representantes da Universidade Federal do Norte do Tocantins \u2013 UFNT para formaliza\u00e7\u00e3o &hellip;<\/p>\n","protected":false},"author":5,"featured_media":2091,"comment_status":"open","ping_status":"open","sticky":false,"template":"","format":"standard","meta":{"footnotes":""},"categories":[1],"tags":[],"class_list":["post-2087","post","type-post","status-publish","format-standard","has-post-thumbnail","","category-sem-categoria"],"_links":{"self":[{"href":"https:\/\/focotocantinense.com.br\/index.php?rest_route=\/wp\/v2\/posts\/2087","targetHints":{"allow":["GET"]}}],"collection":[{"href":"https:\/\/focotocantinense.com.br\/index.php?rest_route=\/wp\/v2\/posts"}],"about":[{"href":"https:\/\/focotocantinense.com.br\/index.php?rest_route=\/wp\/v2\/types\/post"}],"author":[{"embeddable":true,"href":"https:\/\/focotocantinense.com.br\/index.php?rest_route=\/wp\/v2\/users\/5"}],"replies":[{"embeddable":true,"href":"https:\/\/focotocantinense.com.br\/index.php?rest_route=%2Fwp%2Fv2%2Fcomments&post=2087"}],"version-history":[{"count":2,"href":"https:\/\/focotocantinense.com.br\/index.php?rest_route=\/wp\/v2\/posts\/2087\/revisions"}],"predecessor-version":[{"id":2092,"href":"https:\/\/focotocantinense.com.br\/index.php?rest_route=\/wp\/v2\/posts\/2087\/revisions\/2092"}],"wp:featuredmedia":[{"embeddable":true,"href":"https:\/\/focotocantinense.com.br\/index.php?rest_route=\/wp\/v2\/media\/2091"}],"wp:attachment":[{"href":"https:\/\/focotocantinense.com.br\/index.php?rest_route=%2Fwp%2Fv2%2Fmedia&parent=2087"}],"wp:term":[{"taxonomy":"category","embeddable":true,"href":"https:\/\/focotocantinense.com.br\/index.php?rest_route=%2Fwp%2Fv2%2Fcategories&post=2087"},{"taxonomy":"post_tag","embeddable":true,"href":"https:\/\/focotocantinense.com.br\/index.php?rest_route=%2Fwp%2Fv2%2Ftags&post=2087"}],"curies":[{"name":"wp","href":"https:\/\/api.w.org\/{rel}","templated":true}]}}