{"id":2082,"date":"2022-02-09T06:05:30","date_gmt":"2022-02-09T09:05:30","guid":{"rendered":"https:\/\/focotocantinense.com.br\/?p=2082"},"modified":"2022-02-09T06:06:24","modified_gmt":"2022-02-09T09:06:24","slug":"tocantinia-recebeu-um-caminhao-toco-e-um-trator-agricola-para-atender-os-pequenos-produtores","status":"publish","type":"post","link":"https:\/\/focotocantinense.com.br\/?p=2082","title":{"rendered":"Tocant\u00ednia recebeu um caminh\u00e3o toco e um trator agr\u00edcola para atender os pequenos produtores"},"content":{"rendered":"\n<figure class=\"wp-block-image size-large is-resized\"><img loading=\"lazy\" decoding=\"async\" src=\"https:\/\/focotocantinense.com.br\/wp-content\/uploads\/2022\/02\/trator-1024x498.jpg\" alt=\"\" class=\"wp-image-2084\" width=\"408\" height=\"198\" srcset=\"https:\/\/focotocantinense.com.br\/wp-content\/uploads\/2022\/02\/trator-1024x498.jpg 1024w, https:\/\/focotocantinense.com.br\/wp-content\/uploads\/2022\/02\/trator-300x146.jpg 300w, https:\/\/focotocantinense.com.br\/wp-content\/uploads\/2022\/02\/trator-768x374.jpg 768w, https:\/\/focotocantinense.com.br\/wp-content\/uploads\/2022\/02\/trator.jpg 1071w\" sizes=\"auto, (max-width: 408px) 100vw, 408px\" \/><figcaption><br>O munic\u00edpio de Tocant\u00ednia recebeu um caminh\u00e3o toco 0km e um trator agr\u00edcola que ir\u00e3o refor\u00e7ar o atendimento das demandas do munic\u00edpio. Aquisi\u00e7\u00e3o do ve\u00edculo e do trator foi por meio do Programa de Desenvolvimento Regional e Territorial \u2013 PAC, por meio de emendar parlamentar do Deputado Federal Carlos Henrique Gaguim.<br><br>O Prefeito Manoel Silvino destacou que o trator \u00e9 um refor\u00e7o que Tocant\u00ednia est\u00e1 recebendo para a Secretaria Municipal de Agricultura atender os produtores em tempo h\u00e1bil na prepara\u00e7\u00e3o do solo e no plantio. \u201cO munic\u00edpio conta com m\u00e1quinas agr\u00edcolas novas, agora temos a possibilidade de atender todos os produtores dando condi\u00e7\u00f5es para produzir cada vez mais garantindo o seu sustento\u201d disse.<br><br>Silvino ressaltou a import\u00e2ncia do caminh\u00e3o, pois vai atender as demandas do munic\u00edpio e agradece o Deputado Carlos Henrique Gaguim, a indica\u00e7\u00e3o do parlamentar para Tocant\u00ednia receber os bens que v\u00e3o ajudar muito no desenvolvimento das a\u00e7\u00f5es no munic\u00edpio.<\/figcaption><\/figure>\n","protected":false},"excerpt":{"rendered":"<p>O munic\u00edpio de Tocant\u00ednia recebeu um caminh\u00e3o toco 0km e um trator agr\u00edcola que ir\u00e3o refor\u00e7ar o atendimento das demandas do munic\u00edpio. Aquisi\u00e7\u00e3o do ve\u00edculo e do trator foi por meio do Programa de Desenvolvimento Regional e Territorial \u2013 PAC, por meio de emendar parlamentar do Deputado Federal Carlos Henrique Gaguim.O Prefeito Manoel Silvino destacou &hellip;<\/p>\n","protected":false},"author":5,"featured_media":2086,"comment_status":"open","ping_status":"open","sticky":false,"template":"","format":"standard","meta":{"footnotes":""},"categories":[1],"tags":[],"class_list":["post-2082","post","type-post","status-publish","format-standard","has-post-thumbnail","","category-sem-categoria"],"_links":{"self":[{"href":"https:\/\/focotocantinense.com.br\/index.php?rest_route=\/wp\/v2\/posts\/2082","targetHints":{"allow":["GET"]}}],"collection":[{"href":"https:\/\/focotocantinense.com.br\/index.php?rest_route=\/wp\/v2\/posts"}],"about":[{"href":"https:\/\/focotocantinense.com.br\/index.php?rest_route=\/wp\/v2\/types\/post"}],"author":[{"embeddable":true,"href":"https:\/\/focotocantinense.com.br\/index.php?rest_route=\/wp\/v2\/users\/5"}],"replies":[{"embeddable":true,"href":"https:\/\/focotocantinense.com.br\/index.php?rest_route=%2Fwp%2Fv2%2Fcomments&post=2082"}],"version-history":[{"count":1,"href":"https:\/\/focotocantinense.com.br\/index.php?rest_route=\/wp\/v2\/posts\/2082\/revisions"}],"predecessor-version":[{"id":2085,"href":"https:\/\/focotocantinense.com.br\/index.php?rest_route=\/wp\/v2\/posts\/2082\/revisions\/2085"}],"wp:featuredmedia":[{"embeddable":true,"href":"https:\/\/focotocantinense.com.br\/index.php?rest_route=\/wp\/v2\/media\/2086"}],"wp:attachment":[{"href":"https:\/\/focotocantinense.com.br\/index.php?rest_route=%2Fwp%2Fv2%2Fmedia&parent=2082"}],"wp:term":[{"taxonomy":"category","embeddable":true,"href":"https:\/\/focotocantinense.com.br\/index.php?rest_route=%2Fwp%2Fv2%2Fcategories&post=2082"},{"taxonomy":"post_tag","embeddable":true,"href":"https:\/\/focotocantinense.com.br\/index.php?rest_route=%2Fwp%2Fv2%2Ftags&post=2082"}],"curies":[{"name":"wp","href":"https:\/\/api.w.org\/{rel}","templated":true}]}}