
{"id":20693,"date":"2026-09-04T15:30:27","date_gmt":"2026-09-04T18:30:27","guid":{"rendered":"https:\/\/focotocantinense.com.br\/?p=20693"},"modified":"2026-09-04T15:30:32","modified_gmt":"2026-09-04T18:30:32","slug":"cuidadometro-ganha-protagonismo-na-corrida-de-eli-borges-ao-senado","status":"publish","type":"post","link":"https:\/\/focotocantinense.com.br\/?p=20693","title":{"rendered":"\u201cCuidad\u00f4metro\u201d ganha protagonismo na corrida de Eli Borges ao Senado"},"content":{"rendered":"\n<figure class=\"wp-block-image size-full is-resized\"><img loading=\"lazy\" decoding=\"async\" width=\"960\" height=\"720\" src=\"https:\/\/focotocantinense.com.br\/wp-content\/uploads\/2026\/09\/ELI-BORGES.jpg\" alt=\"\" class=\"wp-image-20694\" style=\"width:397px;height:auto\" srcset=\"https:\/\/focotocantinense.com.br\/wp-content\/uploads\/2026\/09\/ELI-BORGES.jpg 960w, https:\/\/focotocantinense.com.br\/wp-content\/uploads\/2026\/09\/ELI-BORGES-300x225.jpg 300w, https:\/\/focotocantinense.com.br\/wp-content\/uploads\/2026\/09\/ELI-BORGES-768x576.jpg 768w\" sizes=\"auto, (max-width: 960px) 100vw, 960px\" \/><\/figure>\n\n\n\n<blockquote class=\"wp-block-quote is-layout-flow wp-block-quote-is-layout-flow\">\n<p class=\"wp-block-paragraph\"><em><strong>Com presen\u00e7a ativa nos 139 munic\u00edpios do Tocantins, parlamentar aposta no cuidado com as pessoas, na defesa de princ\u00edpios e na seriedade com o er\u00e1rio como seu maior diferencial.<\/strong><\/em><\/p>\n<\/blockquote>\n\n\n\n<p class=\"wp-block-paragraph\"><strong><em>Por Jonas Amaral<\/em><\/strong><\/p>\n\n\n\n<p class=\"wp-block-paragraph\">Em meio ao cen\u00e1rio pol\u00edtico tocantinense, uma m\u00e9trica singular tem ganhado destaque e conquistado o eleitorado: o&nbsp;<strong>\u201ccuidad\u00f4metro\u201d<\/strong>. A express\u00e3o foi cunhada pelo deputado federal e candidato ao Senado Eli Borges (Republicanos) na cidade de Gurupi, durante encontro pol\u00edtico realizado nesta quinta-feira (3 de setembro).<\/p>\n\n\n\n<p class=\"wp-block-paragraph\">A ideia surgiu em resposta \u00e0 fala da prefeita Josi Nunes, que utilizou o termo \u201cemend\u00f4metro\u201d para mensurar o volume de recursos destinados ao munic\u00edpio. Segundo o candidato Eli Borges, compreendendo a inten\u00e7\u00e3o, prop\u00f4s de imediato o \u201ccuidad\u00f4metro\u201d, defendendo que, embora a destina\u00e7\u00e3o or\u00e7ament\u00e1ria seja indispens\u00e1vel, o papel de um legislador n\u00e3o pode ser resumido a cifras monet\u00e1rias. A nova m\u00e9trica sintetiza uma metodologia de vida p\u00fablica que coloca o ser humano, as fam\u00edlias e os valores fundamentais no centro da tomada de decis\u00f5es.<\/p>\n\n\n\n<h2 class=\"wp-block-heading\"><em><strong>Do \u201cemend\u00f4metro\u201d ao cuidado integral<\/strong><\/em><\/h2>\n\n\n\n<p class=\"wp-block-paragraph\">Na vis\u00e3o de Eli Borges, debater quem destinou mais ou menos verbas tem sua relev\u00e2ncia na presta\u00e7\u00e3o de contas, mas o compromisso de um parlamentar vai muito al\u00e9m dos repasses fiscais. O \u201ccuidad\u00f4metro\u201d se revela um crit\u00e9rio mais abrangente, mensurando a atua\u00e7\u00e3o de quem verdadeiramente defende os valores da fam\u00edlia, a liberdade, a democracia, uma educa\u00e7\u00e3o sem doutrina\u00e7\u00e3o ideol\u00f3gica, o direito de propriedade e as demandas essenciais do agroneg\u00f3cio tocantinense.<\/p>\n\n\n\n<p class=\"wp-block-paragraph\">Essa vis\u00e3o integradora n\u00e3o desconsidera as entregas financeiras: apenas para Gurupi, Eli Borges j\u00e1 viabilizou cerca de R$ 15 milh\u00f5es em recursos diretos e indiretos, articulados junto ao governo estadual. Contudo, o candidato refor\u00e7a que o diferencial definitivo est\u00e1 na entrega de um cuidado qualificado e vigilante para com o Tocantins e o Brasil.<\/p>\n\n\n\n<p class=\"wp-block-paragraph\">Essa postura adquire peso hist\u00f3rico ainda maior diante de uma das principais prerrogativas do pr\u00f3ximo Senado Federal: sabatinar e aprovar a indica\u00e7\u00e3o de ministros para tribunais superiores \u2014 magistrados que definir\u00e3o a jurisprud\u00eancia e os rumos institucionais do pa\u00eds pelas pr\u00f3ximas tr\u00eas d\u00e9cadas.<\/p>\n\n\n\n<h2 class=\"wp-block-heading\"><em><strong>Coer\u00eancia em Bras\u00edlia e identidade clara<\/strong><\/em><\/h2>\n\n\n\n<p class=\"wp-block-paragraph\">Refor\u00e7ando o compromisso com a transpar\u00eancia e a fidelidade \u00e0s suas bandeiras, Eli Borges fez quest\u00e3o de destacar que o eleitorado saber\u00e1 com clareza a postura de cada concorrente nos momentos mais cruciais no Congresso Nacional.&nbsp;<em>\u201cInclusive, estarei apresentando como cada um dos parlamentares votou as pautas em Bras\u00edlia, de que lado ficou e por que eu sou conhecido como o senador crist\u00e3o e de direita do Tocantins\u201d<\/em>, declarou categoricamente o candidato.<\/p>\n\n\n\n<p class=\"wp-block-paragraph\">Para Eli Borges, o voto no Senado exige lealdade a valores que representam a maioria da popula\u00e7\u00e3o tocantinense, separando quem se posiciona com firmeza daqueles que oscilam conforme as conveni\u00eancias pol\u00edticas do momento.<\/p>\n\n\n\n<h2 class=\"wp-block-heading\"><em><strong>Diferencial que gera resultados<\/strong><\/em><\/h2>\n\n\n\n<p class=\"wp-block-paragraph\">Enquanto disputas eleitorais frequentemente se perdem em promessas abstratas ou disputas num\u00e9ricas vazias, o cuidad\u00f4metro estabelece um divisor de \u00e1guas entre o mero discurso e a pr\u00e1tica efetiva. A proposta afere o grau de sensibilidade e efetividade com que um homem p\u00fablico conduz seus projetos, transformando mandatos em amparo real.<\/p>\n\n\n\n<p class=\"wp-block-paragraph\"><em>\u201cA pol\u00edtica s\u00f3 tem sentido se for para cuidar de gente, proteger as fam\u00edlias e devolver ao cidad\u00e3o a dignidade que ele merece\u201d<\/em>, afirma categoricamente o parlamentar ao defender o zelo irrestrito como sua principal bandeira.<\/p>\n\n\n\n<h2 class=\"wp-block-heading\"><em><strong>Presente nos 139 munic\u00edpios<\/strong><\/em><\/h2>\n\n\n\n<p class=\"wp-block-paragraph\">Essa filosofia de trabalho n\u00e3o fica restrita a gabinetes em Bras\u00edlia ou em Palmas. Com uma atua\u00e7\u00e3o vigorosa que rompe fronteiras regionais, Eli Borges fez chegar investimentos aos 139 munic\u00edpios do Tocantins. Por meio da articula\u00e7\u00e3o de centenas de milh\u00f5es de reais em emendas parlamentares, sua gest\u00e3o alcan\u00e7ou desde as grandes cidades at\u00e9 as comunidades mais afastadas, atendendo prontamente as demandas priorit\u00e1rias de prefeitos, lideran\u00e7as comunit\u00e1rias e da popula\u00e7\u00e3o.<\/p>\n\n\n\n<h2 class=\"wp-block-heading\"><em><strong>Impacto na sa\u00fade p\u00fablica<\/strong><\/em><\/h2>\n\n\n\n<p class=\"wp-block-paragraph\">Na \u00e1rea da sa\u00fade, os reflexos do trabalho de Eli Borges t\u00eam sido vitais. Os aportes financeiros viabilizaram a aquisi\u00e7\u00e3o de equipamentos hospitalares de ponta, abastecimento cont\u00ednuo de medicamentos, reformas de unidades b\u00e1sicas de sa\u00fade e a amplia\u00e7\u00e3o de leitos hospitalares, garantindo socorro \u00e1gil a milhares de fam\u00edlias tocantinenses.<\/p>\n\n\n\n<p class=\"wp-block-paragraph\"><em>\u201cQuando destinamos verbas para a sa\u00fade, n\u00e3o estamos apenas enviando n\u00fameros em uma planilha or\u00e7ament\u00e1ria; estamos salvando vidas e aliviando a dor de quem n\u00e3o pode esperar\u201d<\/em>, ressalta o candidato.<\/p>\n\n\n\n<h2 class=\"wp-block-heading\"><em><strong>Infraestrutura e desenvolvimento regional<\/strong><\/em><\/h2>\n\n\n\n<p class=\"wp-block-paragraph\">Outro pilar essencial dessa caminhada municipalista \u00e9 o fortalecimento da infraestrutura urbana e rural. Com emendas voltadas \u00e0 pavimenta\u00e7\u00e3o de ruas, constru\u00e7\u00e3o de pontes, abertura e conserva\u00e7\u00e3o de estradas vicinais e aquisi\u00e7\u00e3o de maquin\u00e1rios agr\u00edcolas, o parlamentar impulsiona as economias locais e facilita o escoamento da produ\u00e7\u00e3o de pequenos e m\u00e9dios produtores, criando bases s\u00f3lidas para a gera\u00e7\u00e3o de emprego e renda em todas as regi\u00f5es do estado.<\/p>\n\n\n\n<h2 class=\"wp-block-heading\"><em><strong>Compromisso com a educa\u00e7\u00e3o<\/strong><\/em><\/h2>\n\n\n\n<p class=\"wp-block-paragraph\">Na educa\u00e7\u00e3o, o olhar atento de Eli Borges reflete-se na moderniza\u00e7\u00e3o de escolas, na aquisi\u00e7\u00e3o de ve\u00edculos para transporte escolar e na qualifica\u00e7\u00e3o cont\u00ednua dos ambientes pedag\u00f3gicos. Para ele, garantir \u00e0s crian\u00e7as e jovens do Tocantins uma estrutura digna aliada a um ambiente saud\u00e1vel de aprendizado \u00e9 a chave para abrir oportunidades reais de futuro, combatendo as desigualdades de raiz e edificando uma sociedade consciente e justa.<\/p>\n\n\n\n<h2 class=\"wp-block-heading\"><em><strong>Trajet\u00f3ria exemplar e ficha limpa<\/strong><\/em><\/h2>\n\n\n\n<p class=\"wp-block-paragraph\">A solidez dessa representatividade nasce de uma carreira pol\u00edtica constru\u00edda passo a passo. Contador de forma\u00e7\u00e3o, Eli Borges iniciou sua caminhada como vereador da capital, Palmas, por tr\u00eas mandatos, exerceu quatro mandatos consecutivos como deputado estadual e cumpre atualmente seu segundo mandato na C\u00e2mara dos Deputados. Ao longo de d\u00e9cadas de vida p\u00fablica, sua atua\u00e7\u00e3o destacou-se pela aprova\u00e7\u00e3o de mais de uma centena de mat\u00e9rias e leis de relev\u00e2ncia nacional, sempre associando rigor t\u00e9cnico \u00e0 defesa inegoci\u00e1vel de seus princ\u00edpios.<\/p>\n\n\n\n<p class=\"wp-block-paragraph\">Em tempos de ceticismo com a classe pol\u00edtica, o maior patrim\u00f4nio de Eli Borges permanece sendo a sua ficha limpa e um hist\u00f3rico de conduta ilibada. Reconhecido por aliados e advers\u00e1rios pela sobriedade, postura \u00e9tica e respeito ao er\u00e1rio, ele mant\u00e9m a premissa de que o dinheiro p\u00fablico \u00e9 sagrado e que cada centavo arrecadado do contribuinte deve retornar integralmente em benef\u00edcios concretos para a coletividade.<\/p>\n\n\n\n<h2 class=\"wp-block-heading\"><em><strong>A for\u00e7a do di\u00e1logo<\/strong><\/em><\/h2>\n\n\n\n<p class=\"wp-block-paragraph\">Respaldado por uma ampla base que une movimentos sociais, lideran\u00e7as religiosas, gestores municipais e o governo estadual, Eli Borges chega \u00e0 disputa pelo Senado Federal com a autoridade de quem tem servi\u00e7os prestados. O cuidad\u00f4metro consolida-se, assim, como a s\u00edntese de um projeto pol\u00edtico maduro, que une efici\u00eancia administrativa, firmeza moral e a convic\u00e7\u00e3o de que cuidar do Tocantins e do futuro do Brasil \u00e9 uma verdadeira miss\u00e3o de vida.<\/p>\n\n\n\n<figure class=\"wp-block-image is-resized\"><img decoding=\"async\" src=\"https:\/\/blogger.googleusercontent.com\/img\/b\/R29vZ2xl\/AVvXsEgf5mfNRnrGkjGnmyRJP3JM_ulJ0aGbPYu90INR06IyB1dIRHL8t5yuAOyqSaGI_S0yDH1k-v54RxhCY8arqbsACSuvqg68HWoAvY-j_pkB_tSn9_xJNP17LJCLJa1-_ozCxjkkA0cpkesJdeJ-TT8G5cv7Cl20iT3JQfMqGiBJVS0_chgrzPq1zvTQCS0-\/w486-h493\/700670060_1294448692862167_875540138268656600_n.jpg\" alt=\"\" style=\"width:840px;height:auto\"\/><\/figure>\n","protected":false},"excerpt":{"rendered":"<p>Com presen\u00e7a ativa nos 139 munic\u00edpios do Tocantins, parlamentar aposta no cuidado com as pessoas, na defesa de princ\u00edpios e na seriedade com o er\u00e1rio como seu maior diferencial. Por Jonas Amaral Em meio ao cen\u00e1rio pol\u00edtico tocantinense, uma m\u00e9trica singular tem ganhado destaque e conquistado o eleitorado: o&nbsp;\u201ccuidad\u00f4metro\u201d. A express\u00e3o foi cunhada pelo deputado &hellip;<\/p>\n","protected":false},"author":5,"featured_media":20694,"comment_status":"open","ping_status":"open","sticky":false,"template":"","format":"standard","meta":{"footnotes":""},"categories":[40],"tags":[],"class_list":["post-20693","post","type-post","status-publish","format-standard","has-post-thumbnail","","category-politica"],"_links":{"self":[{"href":"https:\/\/focotocantinense.com.br\/index.php?rest_route=\/wp\/v2\/posts\/20693","targetHints":{"allow":["GET"]}}],"collection":[{"href":"https:\/\/focotocantinense.com.br\/index.php?rest_route=\/wp\/v2\/posts"}],"about":[{"href":"https:\/\/focotocantinense.com.br\/index.php?rest_route=\/wp\/v2\/types\/post"}],"author":[{"embeddable":true,"href":"https:\/\/focotocantinense.com.br\/index.php?rest_route=\/wp\/v2\/users\/5"}],"replies":[{"embeddable":true,"href":"https:\/\/focotocantinense.com.br\/index.php?rest_route=%2Fwp%2Fv2%2Fcomments&post=20693"}],"version-history":[{"count":1,"href":"https:\/\/focotocantinense.com.br\/index.php?rest_route=\/wp\/v2\/posts\/20693\/revisions"}],"predecessor-version":[{"id":20695,"href":"https:\/\/focotocantinense.com.br\/index.php?rest_route=\/wp\/v2\/posts\/20693\/revisions\/20695"}],"wp:featuredmedia":[{"embeddable":true,"href":"https:\/\/focotocantinense.com.br\/index.php?rest_route=\/wp\/v2\/media\/20694"}],"wp:attachment":[{"href":"https:\/\/focotocantinense.com.br\/index.php?rest_route=%2Fwp%2Fv2%2Fmedia&parent=20693"}],"wp:term":[{"taxonomy":"category","embeddable":true,"href":"https:\/\/focotocantinense.com.br\/index.php?rest_route=%2Fwp%2Fv2%2Fcategories&post=20693"},{"taxonomy":"post_tag","embeddable":true,"href":"https:\/\/focotocantinense.com.br\/index.php?rest_route=%2Fwp%2Fv2%2Ftags&post=20693"}],"curies":[{"name":"wp","href":"https:\/\/api.w.org\/{rel}","templated":true}]}}